{"id":36050,"date":"2023-11-07T16:33:13","date_gmt":"2023-11-07T19:33:13","guid":{"rendered":"https:\/\/www.uninter.com\/radio\/?p=36050"},"modified":"2023-11-07T16:33:14","modified_gmt":"2023-11-07T19:33:14","slug":"talento-em-foco-a-influencia-das-cores-na-imagem-pessoal","status":"publish","type":"post","link":"https:\/\/www.uninter.com\/radio\/talento-em-foco-a-influencia-das-cores-na-imagem-pessoal","title":{"rendered":"Talento em Foco | A influ\u00eancia das cores na imagem pessoal"},"content":{"rendered":"\n<figure class=\"wp-block-audio\"><audio controls src=\"https:\/\/www.uninter.com\/radio\/wp-content\/uploads\/2023\/11\/talento-em-foco-16-10-2023.mp3\"><\/audio><\/figure>\n\n\n\n<p>Pelo uso de cores, podemos transmitir mensagens importantes sobre nossa personalidade e objetivos. As cores podem afetar nosso humor, provocar sensa\u00e7\u00f5es e influenciar nossa rela\u00e7\u00e3o intrapessoal e interpessoal. Sendo assim, as cores constituem papel fundamental na imagem pessoal que cada indiv\u00edduo carrega consigo. O Talento em Foco apresenta a import\u00e2ncia das cores no dia a dia e em ambientes corporativos para melhorar expressar a personalidade de cada pessoa. Erika Lotz e Evandro Tosin recebe a especialista em imagem pessoal e estilo Joyce Parizotto para o bate-papo.<\/p>\n","protected":false},"excerpt":{"rendered":"<p>Pelo uso de cores, podemos transmitir mensagens importantes sobre nossa personalidade e objetivos. As cores&#8230;<\/p>\n","protected":false},"author":3,"featured_media":31128,"comment_status":"open","ping_status":"open","sticky":false,"template":"","format":"standard","meta":[],"categories":[2723],"tags":[],"_links":{"self":[{"href":"https:\/\/www.uninter.com\/radio\/wp-json\/wp\/v2\/posts\/36050"}],"collection":[{"href":"https:\/\/www.uninter.com\/radio\/wp-json\/wp\/v2\/posts"}],"about":[{"href":"https:\/\/www.uninter.com\/radio\/wp-json\/wp\/v2\/types\/post"}],"author":[{"embeddable":true,"href":"https:\/\/www.uninter.com\/radio\/wp-json\/wp\/v2\/users\/3"}],"replies":[{"embeddable":true,"href":"https:\/\/www.uninter.com\/radio\/wp-json\/wp\/v2\/comments?post=36050"}],"version-history":[{"count":1,"href":"https:\/\/www.uninter.com\/radio\/wp-json\/wp\/v2\/posts\/36050\/revisions"}],"predecessor-version":[{"id":36052,"href":"https:\/\/www.uninter.com\/radio\/wp-json\/wp\/v2\/posts\/36050\/revisions\/36052"}],"wp:featuredmedia":[{"embeddable":true,"href":"https:\/\/www.uninter.com\/radio\/wp-json\/wp\/v2\/media\/31128"}],"wp:attachment":[{"href":"https:\/\/www.uninter.com\/radio\/wp-json\/wp\/v2\/media?parent=36050"}],"wp:term":[{"taxonomy":"category","embeddable":true,"href":"https:\/\/www.uninter.com\/radio\/wp-json\/wp\/v2\/categories?post=36050"},{"taxonomy":"post_tag","embeddable":true,"href":"https:\/\/www.uninter.com\/radio\/wp-json\/wp\/v2\/tags?post=36050"}],"curies":[{"name":"wp","href":"https:\/\/api.w.org\/{rel}","templated":true}]}}