{"id":36025,"date":"2023-11-07T12:55:31","date_gmt":"2023-11-07T15:55:31","guid":{"rendered":"https:\/\/www.uninter.com\/radio\/?p=36025"},"modified":"2023-11-07T12:55:32","modified_gmt":"2023-11-07T15:55:32","slug":"talento-em-foco-o-papel-dos-assessments-para-gestao-estrategica-de-pessoas","status":"publish","type":"post","link":"https:\/\/www.uninter.com\/radio\/talento-em-foco-o-papel-dos-assessments-para-gestao-estrategica-de-pessoas","title":{"rendered":"Talento em Foco | O papel dos assessments para gest\u00e3o estrat\u00e9gica de pessoas"},"content":{"rendered":"\n<figure class=\"wp-block-audio\"><audio controls src=\"https:\/\/www.uninter.com\/radio\/wp-content\/uploads\/2023\/11\/talento-em-foco-09-10-2023.mp3\"><\/audio><\/figure>\n\n\n\n<p>O Talento em Foco explica como os assessments podem ser aplicados em organiza\u00e7\u00f5es a fim de apontar tend\u00eancias de comportamento, desempenho e potencial de funcion\u00e1rios e candidatos.<\/p>\n","protected":false},"excerpt":{"rendered":"<p>O Talento em Foco explica como os assessments podem ser aplicados em organiza\u00e7\u00f5es a fim&#8230;<\/p>\n","protected":false},"author":3,"featured_media":31128,"comment_status":"open","ping_status":"open","sticky":false,"template":"","format":"standard","meta":[],"categories":[2723],"tags":[],"_links":{"self":[{"href":"https:\/\/www.uninter.com\/radio\/wp-json\/wp\/v2\/posts\/36025"}],"collection":[{"href":"https:\/\/www.uninter.com\/radio\/wp-json\/wp\/v2\/posts"}],"about":[{"href":"https:\/\/www.uninter.com\/radio\/wp-json\/wp\/v2\/types\/post"}],"author":[{"embeddable":true,"href":"https:\/\/www.uninter.com\/radio\/wp-json\/wp\/v2\/users\/3"}],"replies":[{"embeddable":true,"href":"https:\/\/www.uninter.com\/radio\/wp-json\/wp\/v2\/comments?post=36025"}],"version-history":[{"count":1,"href":"https:\/\/www.uninter.com\/radio\/wp-json\/wp\/v2\/posts\/36025\/revisions"}],"predecessor-version":[{"id":36027,"href":"https:\/\/www.uninter.com\/radio\/wp-json\/wp\/v2\/posts\/36025\/revisions\/36027"}],"wp:featuredmedia":[{"embeddable":true,"href":"https:\/\/www.uninter.com\/radio\/wp-json\/wp\/v2\/media\/31128"}],"wp:attachment":[{"href":"https:\/\/www.uninter.com\/radio\/wp-json\/wp\/v2\/media?parent=36025"}],"wp:term":[{"taxonomy":"category","embeddable":true,"href":"https:\/\/www.uninter.com\/radio\/wp-json\/wp\/v2\/categories?post=36025"},{"taxonomy":"post_tag","embeddable":true,"href":"https:\/\/www.uninter.com\/radio\/wp-json\/wp\/v2\/tags?post=36025"}],"curies":[{"name":"wp","href":"https:\/\/api.w.org\/{rel}","templated":true}]}}