{"id":36015,"date":"2023-11-07T11:57:06","date_gmt":"2023-11-07T14:57:06","guid":{"rendered":"https:\/\/www.uninter.com\/radio\/?p=36015"},"modified":"2023-11-07T11:57:13","modified_gmt":"2023-11-07T14:57:13","slug":"conversa-com-o-reitor-docencia-intergeracional-da-formacao-classica-a-contemporanea","status":"publish","type":"post","link":"https:\/\/www.uninter.com\/radio\/conversa-com-o-reitor-docencia-intergeracional-da-formacao-classica-a-contemporanea","title":{"rendered":"Conversa com o Reitor | Doc\u00eancia intergeracional: da forma\u00e7\u00e3o cl\u00e1ssica \u00e0 contempor\u00e2nea"},"content":{"rendered":"\n<figure class=\"wp-block-audio\"><audio controls src=\"https:\/\/www.uninter.com\/radio\/wp-content\/uploads\/2023\/11\/conversa-com-o-reitor-06-10-2023.mp3\"><\/audio><\/figure>\n\n\n\n<p>O Dia do Professor \u00e9 comemorado em 15 de outubro, e a R\u00e1dio Uninter antecipa as homenagens no Conversa com o Reitor desta semana! Benhur Gaio recebe o decano da institui\u00e7\u00e3o, Alvino Moser, e a professora Karina da Costa Santos para esta edi\u00e7\u00e3o especial do programa. Os professores contam suas hist\u00f3rias de doc\u00eancia e como a educa\u00e7\u00e3o transforma vidas.<\/p>\n","protected":false},"excerpt":{"rendered":"<p>O Dia do Professor \u00e9 comemorado em 15 de outubro, e a R\u00e1dio Uninter antecipa&#8230;<\/p>\n","protected":false},"author":3,"featured_media":31088,"comment_status":"open","ping_status":"open","sticky":false,"template":"","format":"standard","meta":[],"categories":[2724],"tags":[],"_links":{"self":[{"href":"https:\/\/www.uninter.com\/radio\/wp-json\/wp\/v2\/posts\/36015"}],"collection":[{"href":"https:\/\/www.uninter.com\/radio\/wp-json\/wp\/v2\/posts"}],"about":[{"href":"https:\/\/www.uninter.com\/radio\/wp-json\/wp\/v2\/types\/post"}],"author":[{"embeddable":true,"href":"https:\/\/www.uninter.com\/radio\/wp-json\/wp\/v2\/users\/3"}],"replies":[{"embeddable":true,"href":"https:\/\/www.uninter.com\/radio\/wp-json\/wp\/v2\/comments?post=36015"}],"version-history":[{"count":2,"href":"https:\/\/www.uninter.com\/radio\/wp-json\/wp\/v2\/posts\/36015\/revisions"}],"predecessor-version":[{"id":36018,"href":"https:\/\/www.uninter.com\/radio\/wp-json\/wp\/v2\/posts\/36015\/revisions\/36018"}],"wp:featuredmedia":[{"embeddable":true,"href":"https:\/\/www.uninter.com\/radio\/wp-json\/wp\/v2\/media\/31088"}],"wp:attachment":[{"href":"https:\/\/www.uninter.com\/radio\/wp-json\/wp\/v2\/media?parent=36015"}],"wp:term":[{"taxonomy":"category","embeddable":true,"href":"https:\/\/www.uninter.com\/radio\/wp-json\/wp\/v2\/categories?post=36015"},{"taxonomy":"post_tag","embeddable":true,"href":"https:\/\/www.uninter.com\/radio\/wp-json\/wp\/v2\/tags?post=36015"}],"curies":[{"name":"wp","href":"https:\/\/api.w.org\/{rel}","templated":true}]}}