{"id":36003,"date":"2023-11-07T11:45:56","date_gmt":"2023-11-07T14:45:56","guid":{"rendered":"https:\/\/www.uninter.com\/radio\/?p=36003"},"modified":"2023-11-07T11:45:57","modified_gmt":"2023-11-07T14:45:57","slug":"atualidades-da-educacao-a-consciencia","status":"publish","type":"post","link":"https:\/\/www.uninter.com\/radio\/atualidades-da-educacao-a-consciencia","title":{"rendered":"Atualidades da Educa\u00e7\u00e3o | A consci\u00eancia"},"content":{"rendered":"\n<figure class=\"wp-block-audio\"><audio controls src=\"https:\/\/www.uninter.com\/radio\/wp-content\/uploads\/2023\/11\/atualidades-da-educacao-04-10-2023.mp3\"><\/audio><\/figure>\n\n\n\n<p>O programa Atualidades da Educa\u00e7\u00e3o fala sobre a consci\u00eancia, exclarecendo d\u00favidas sobre o assunto. Para a conversa recebemos os professores Alvino Moser, Luis Fernando Lopes e Gilberto Bordini.<\/p>\n","protected":false},"excerpt":{"rendered":"<p>O programa Atualidades da Educa\u00e7\u00e3o fala sobre a consci\u00eancia, exclarecendo d\u00favidas sobre o assunto. Para&#8230;<\/p>\n","protected":false},"author":3,"featured_media":33674,"comment_status":"open","ping_status":"open","sticky":false,"template":"","format":"standard","meta":[],"categories":[2760],"tags":[],"_links":{"self":[{"href":"https:\/\/www.uninter.com\/radio\/wp-json\/wp\/v2\/posts\/36003"}],"collection":[{"href":"https:\/\/www.uninter.com\/radio\/wp-json\/wp\/v2\/posts"}],"about":[{"href":"https:\/\/www.uninter.com\/radio\/wp-json\/wp\/v2\/types\/post"}],"author":[{"embeddable":true,"href":"https:\/\/www.uninter.com\/radio\/wp-json\/wp\/v2\/users\/3"}],"replies":[{"embeddable":true,"href":"https:\/\/www.uninter.com\/radio\/wp-json\/wp\/v2\/comments?post=36003"}],"version-history":[{"count":1,"href":"https:\/\/www.uninter.com\/radio\/wp-json\/wp\/v2\/posts\/36003\/revisions"}],"predecessor-version":[{"id":36005,"href":"https:\/\/www.uninter.com\/radio\/wp-json\/wp\/v2\/posts\/36003\/revisions\/36005"}],"wp:featuredmedia":[{"embeddable":true,"href":"https:\/\/www.uninter.com\/radio\/wp-json\/wp\/v2\/media\/33674"}],"wp:attachment":[{"href":"https:\/\/www.uninter.com\/radio\/wp-json\/wp\/v2\/media?parent=36003"}],"wp:term":[{"taxonomy":"category","embeddable":true,"href":"https:\/\/www.uninter.com\/radio\/wp-json\/wp\/v2\/categories?post=36003"},{"taxonomy":"post_tag","embeddable":true,"href":"https:\/\/www.uninter.com\/radio\/wp-json\/wp\/v2\/tags?post=36003"}],"curies":[{"name":"wp","href":"https:\/\/api.w.org\/{rel}","templated":true}]}}