{"id":35992,"date":"2023-11-07T11:37:12","date_gmt":"2023-11-07T14:37:12","guid":{"rendered":"https:\/\/www.uninter.com\/radio\/?p=35992"},"modified":"2023-11-07T11:37:13","modified_gmt":"2023-11-07T14:37:13","slug":"gestao-publica-em-debate-direito-administrativo","status":"publish","type":"post","link":"https:\/\/www.uninter.com\/radio\/gestao-publica-em-debate-direito-administrativo","title":{"rendered":"Gest\u00e3o P\u00fablica em Debate | Direito Administrativo"},"content":{"rendered":"\n<figure class=\"wp-block-audio\"><audio controls src=\"https:\/\/www.uninter.com\/radio\/wp-content\/uploads\/2023\/11\/gestao-publica-em-debate-02-10-2023.mp3\"><\/audio><\/figure>\n\n\n\n<p>O direito administrativo regulamenta o exerc\u00edcio da fun\u00e7\u00e3o administrativa por \u00f3rg\u00e3os e agentes p\u00fablicos. Conhe\u00e7a mais sobre esse ramo do direito e suas aplica\u00e7\u00f5es no Gest\u00e3o P\u00fablica em Debate.<\/p>\n\n\n\n<p>Ricieri Garbelini recebe o doutor em Direito Silvano Alcantara para a conversa.<\/p>\n","protected":false},"excerpt":{"rendered":"<p>O direito administrativo regulamenta o exerc\u00edcio da fun\u00e7\u00e3o administrativa por \u00f3rg\u00e3os e agentes p\u00fablicos. Conhe\u00e7a&#8230;<\/p>\n","protected":false},"author":3,"featured_media":35653,"comment_status":"open","ping_status":"open","sticky":false,"template":"","format":"standard","meta":[],"categories":[2848],"tags":[],"_links":{"self":[{"href":"https:\/\/www.uninter.com\/radio\/wp-json\/wp\/v2\/posts\/35992"}],"collection":[{"href":"https:\/\/www.uninter.com\/radio\/wp-json\/wp\/v2\/posts"}],"about":[{"href":"https:\/\/www.uninter.com\/radio\/wp-json\/wp\/v2\/types\/post"}],"author":[{"embeddable":true,"href":"https:\/\/www.uninter.com\/radio\/wp-json\/wp\/v2\/users\/3"}],"replies":[{"embeddable":true,"href":"https:\/\/www.uninter.com\/radio\/wp-json\/wp\/v2\/comments?post=35992"}],"version-history":[{"count":1,"href":"https:\/\/www.uninter.com\/radio\/wp-json\/wp\/v2\/posts\/35992\/revisions"}],"predecessor-version":[{"id":35994,"href":"https:\/\/www.uninter.com\/radio\/wp-json\/wp\/v2\/posts\/35992\/revisions\/35994"}],"wp:featuredmedia":[{"embeddable":true,"href":"https:\/\/www.uninter.com\/radio\/wp-json\/wp\/v2\/media\/35653"}],"wp:attachment":[{"href":"https:\/\/www.uninter.com\/radio\/wp-json\/wp\/v2\/media?parent=35992"}],"wp:term":[{"taxonomy":"category","embeddable":true,"href":"https:\/\/www.uninter.com\/radio\/wp-json\/wp\/v2\/categories?post=35992"},{"taxonomy":"post_tag","embeddable":true,"href":"https:\/\/www.uninter.com\/radio\/wp-json\/wp\/v2\/tags?post=35992"}],"curies":[{"name":"wp","href":"https:\/\/api.w.org\/{rel}","templated":true}]}}