{"id":35983,"date":"2023-11-07T11:30:28","date_gmt":"2023-11-07T14:30:28","guid":{"rendered":"https:\/\/www.uninter.com\/radio\/?p=35983"},"modified":"2023-11-07T11:30:29","modified_gmt":"2023-11-07T14:30:29","slug":"conheca-seu-direito-o-feminicidio-e-a-defesa-da-honra","status":"publish","type":"post","link":"https:\/\/www.uninter.com\/radio\/conheca-seu-direito-o-feminicidio-e-a-defesa-da-honra","title":{"rendered":"Conhe\u00e7a seu Direito | O feminic\u00eddio e a defesa da honra"},"content":{"rendered":"\n<figure class=\"wp-block-audio\"><audio controls src=\"blob:https:\/\/www.uninter.com\/0149165a-f487-46e7-87bf-4ceeb5522ce8\"><\/audio><\/figure>\n\n\n\n<p>Na edi\u00e7\u00e3o de outubro o programa Conhe\u00e7a seu Direito trata sobre a decis\u00e3o do Supremo Tribunal Federal que considerou inconstitucional o uso da \u201cleg\u00edtima defesa da honra\u201d em crimes de feminic\u00eddio. Para a conversa recebemos os professores Silvano Alcantara, Priscilla Bortolotto Ribeiro e Jennifer Manfrin recebem o mestrando Raphael Alves do Nascimento.<\/p>\n","protected":false},"excerpt":{"rendered":"<p>Na edi\u00e7\u00e3o de outubro o programa Conhe\u00e7a seu Direito trata sobre a decis\u00e3o do Supremo&#8230;<\/p>\n","protected":false},"author":3,"featured_media":33660,"comment_status":"open","ping_status":"open","sticky":false,"template":"","format":"standard","meta":[],"categories":[2703],"tags":[],"_links":{"self":[{"href":"https:\/\/www.uninter.com\/radio\/wp-json\/wp\/v2\/posts\/35983"}],"collection":[{"href":"https:\/\/www.uninter.com\/radio\/wp-json\/wp\/v2\/posts"}],"about":[{"href":"https:\/\/www.uninter.com\/radio\/wp-json\/wp\/v2\/types\/post"}],"author":[{"embeddable":true,"href":"https:\/\/www.uninter.com\/radio\/wp-json\/wp\/v2\/users\/3"}],"replies":[{"embeddable":true,"href":"https:\/\/www.uninter.com\/radio\/wp-json\/wp\/v2\/comments?post=35983"}],"version-history":[{"count":1,"href":"https:\/\/www.uninter.com\/radio\/wp-json\/wp\/v2\/posts\/35983\/revisions"}],"predecessor-version":[{"id":35984,"href":"https:\/\/www.uninter.com\/radio\/wp-json\/wp\/v2\/posts\/35983\/revisions\/35984"}],"wp:featuredmedia":[{"embeddable":true,"href":"https:\/\/www.uninter.com\/radio\/wp-json\/wp\/v2\/media\/33660"}],"wp:attachment":[{"href":"https:\/\/www.uninter.com\/radio\/wp-json\/wp\/v2\/media?parent=35983"}],"wp:term":[{"taxonomy":"category","embeddable":true,"href":"https:\/\/www.uninter.com\/radio\/wp-json\/wp\/v2\/categories?post=35983"},{"taxonomy":"post_tag","embeddable":true,"href":"https:\/\/www.uninter.com\/radio\/wp-json\/wp\/v2\/tags?post=35983"}],"curies":[{"name":"wp","href":"https:\/\/api.w.org\/{rel}","templated":true}]}}