{"id":35974,"date":"2023-10-05T16:31:30","date_gmt":"2023-10-05T19:31:30","guid":{"rendered":"https:\/\/www.uninter.com\/radio\/?p=35974"},"modified":"2023-10-05T16:31:31","modified_gmt":"2023-10-05T19:31:31","slug":"inclusao-em-rede-homenagem-a-semana-do-surdo","status":"publish","type":"post","link":"https:\/\/www.uninter.com\/radio\/inclusao-em-rede-homenagem-a-semana-do-surdo","title":{"rendered":"Inclus\u00e3o em Rede | Homenagem \u00e0 Semana do Surdo"},"content":{"rendered":"\n<figure class=\"wp-block-audio\"><audio controls src=\"https:\/\/www.uninter.com\/radio\/wp-content\/uploads\/2023\/10\/incluscao-em-rede-29-09-2023.mp3\"><\/audio><\/figure>\n\n\n\n<p>Em 26 de setembro comemoramos o Dia Nacional do Surdo, por isso, nesta semana o Inclus\u00e3o em Rede presta uma homenagem a esta data t\u00e3o importante. Para a conversa. Leomar Marchesini recebe o doutor em Lingu\u00edstica Brenno Douettes.<\/p>\n","protected":false},"excerpt":{"rendered":"<p>Em 26 de setembro comemoramos o Dia Nacional do Surdo, por isso, nesta semana o&#8230;<\/p>\n","protected":false},"author":3,"featured_media":33698,"comment_status":"open","ping_status":"open","sticky":false,"template":"","format":"standard","meta":[],"categories":[2727],"tags":[],"_links":{"self":[{"href":"https:\/\/www.uninter.com\/radio\/wp-json\/wp\/v2\/posts\/35974"}],"collection":[{"href":"https:\/\/www.uninter.com\/radio\/wp-json\/wp\/v2\/posts"}],"about":[{"href":"https:\/\/www.uninter.com\/radio\/wp-json\/wp\/v2\/types\/post"}],"author":[{"embeddable":true,"href":"https:\/\/www.uninter.com\/radio\/wp-json\/wp\/v2\/users\/3"}],"replies":[{"embeddable":true,"href":"https:\/\/www.uninter.com\/radio\/wp-json\/wp\/v2\/comments?post=35974"}],"version-history":[{"count":1,"href":"https:\/\/www.uninter.com\/radio\/wp-json\/wp\/v2\/posts\/35974\/revisions"}],"predecessor-version":[{"id":35976,"href":"https:\/\/www.uninter.com\/radio\/wp-json\/wp\/v2\/posts\/35974\/revisions\/35976"}],"wp:featuredmedia":[{"embeddable":true,"href":"https:\/\/www.uninter.com\/radio\/wp-json\/wp\/v2\/media\/33698"}],"wp:attachment":[{"href":"https:\/\/www.uninter.com\/radio\/wp-json\/wp\/v2\/media?parent=35974"}],"wp:term":[{"taxonomy":"category","embeddable":true,"href":"https:\/\/www.uninter.com\/radio\/wp-json\/wp\/v2\/categories?post=35974"},{"taxonomy":"post_tag","embeddable":true,"href":"https:\/\/www.uninter.com\/radio\/wp-json\/wp\/v2\/tags?post=35974"}],"curies":[{"name":"wp","href":"https:\/\/api.w.org\/{rel}","templated":true}]}}