{"id":35967,"date":"2023-10-05T16:23:48","date_gmt":"2023-10-05T19:23:48","guid":{"rendered":"https:\/\/www.uninter.com\/radio\/?p=35967"},"modified":"2023-10-05T16:23:50","modified_gmt":"2023-10-05T19:23:50","slug":"conversa-com-o-reitor-brasil-e-eua-se-encontram-na-formatura-da-uninter-na-opera-de-arame","status":"publish","type":"post","link":"https:\/\/www.uninter.com\/radio\/conversa-com-o-reitor-brasil-e-eua-se-encontram-na-formatura-da-uninter-na-opera-de-arame","title":{"rendered":"Conversa com o Reitor | Brasil e EUA se encontram na formatura da Uninter na \u00d3pera de Arame"},"content":{"rendered":"\n<figure class=\"wp-block-audio\"><audio controls src=\"https:\/\/www.uninter.com\/radio\/wp-content\/uploads\/2023\/10\/conversa-com-o-reitor-29-09-2023.mp3\"><\/audio><\/figure>\n\n\n\n<p>A formatura \u00e9 a etapa que finaliza o sonho de concluir um curso superior, e aqui na Uninter, mais de 2.500 alunos j\u00e1 participaram das 20 formaturas realizadas pela institui\u00e7\u00e3o na \u00d3pera de Arame desde 2016. Nesta semana vamos falar sobre como funciona esse evento, e tamb\u00e9m sobre a expectativa de alguns formandos no programa Conversa com o Reitor. Para a conversa, Benhur Gaio recebe Lorena Langowski, coordenadora de eventos da Uninter, Humberto Ara\u00fajo, formando de Gest\u00e3o de Tecnologia da Informa\u00e7\u00e3o do polo de Houston, no Texas (EUA) e Elivan Caetano, formando de Gest\u00e3o de Tr\u00e2nsito e Mobilidade Urbana, do polo de Canind\u00e9 do S\u00e3o Francisco (SE).<\/p>\n","protected":false},"excerpt":{"rendered":"<p>A formatura \u00e9 a etapa que finaliza o sonho de concluir um curso superior, e&#8230;<\/p>\n","protected":false},"author":3,"featured_media":31088,"comment_status":"open","ping_status":"open","sticky":false,"template":"","format":"standard","meta":[],"categories":[2724],"tags":[],"_links":{"self":[{"href":"https:\/\/www.uninter.com\/radio\/wp-json\/wp\/v2\/posts\/35967"}],"collection":[{"href":"https:\/\/www.uninter.com\/radio\/wp-json\/wp\/v2\/posts"}],"about":[{"href":"https:\/\/www.uninter.com\/radio\/wp-json\/wp\/v2\/types\/post"}],"author":[{"embeddable":true,"href":"https:\/\/www.uninter.com\/radio\/wp-json\/wp\/v2\/users\/3"}],"replies":[{"embeddable":true,"href":"https:\/\/www.uninter.com\/radio\/wp-json\/wp\/v2\/comments?post=35967"}],"version-history":[{"count":1,"href":"https:\/\/www.uninter.com\/radio\/wp-json\/wp\/v2\/posts\/35967\/revisions"}],"predecessor-version":[{"id":35970,"href":"https:\/\/www.uninter.com\/radio\/wp-json\/wp\/v2\/posts\/35967\/revisions\/35970"}],"wp:featuredmedia":[{"embeddable":true,"href":"https:\/\/www.uninter.com\/radio\/wp-json\/wp\/v2\/media\/31088"}],"wp:attachment":[{"href":"https:\/\/www.uninter.com\/radio\/wp-json\/wp\/v2\/media?parent=35967"}],"wp:term":[{"taxonomy":"category","embeddable":true,"href":"https:\/\/www.uninter.com\/radio\/wp-json\/wp\/v2\/categories?post=35967"},{"taxonomy":"post_tag","embeddable":true,"href":"https:\/\/www.uninter.com\/radio\/wp-json\/wp\/v2\/tags?post=35967"}],"curies":[{"name":"wp","href":"https:\/\/api.w.org\/{rel}","templated":true}]}}