{"id":35965,"date":"2023-10-05T16:21:22","date_gmt":"2023-10-05T19:21:22","guid":{"rendered":"https:\/\/www.uninter.com\/radio\/?p=35965"},"modified":"2023-10-05T16:21:23","modified_gmt":"2023-10-05T19:21:23","slug":"diversos-da-pos-alternativas-sustentaveis-de-mobilidade-urbana","status":"publish","type":"post","link":"https:\/\/www.uninter.com\/radio\/diversos-da-pos-alternativas-sustentaveis-de-mobilidade-urbana","title":{"rendered":"Diversos da P\u00f3s | Alternativas sustent\u00e1veis de mobilidade urbana"},"content":{"rendered":"\n<figure class=\"wp-block-audio\"><audio controls src=\"blob:https:\/\/www.uninter.com\/643c64c6-5149-484a-b3e6-99193e499fb1\"><\/audio><\/figure>\n\n\n\n<p>Celebrado no dia 22 de setembro, o Dia Mundial sem Carro busca conscientizar a popula\u00e7\u00e3o do uso excessivo de ve\u00edculos particulares, que traz efeitos nocivos ao meio ambiente e \u00e0 qualidade de vida das pessoas, devido aos gases emitidos e ao tempo gasto no tr\u00e2nsito. Por isso, nesta semana o Diversos da P\u00f3s debate os principais desafios e as diversas alternativas sustent\u00e1veis de mobilidade urbana. Para a conversa, Andressa Mun\u00f5z recebe Caroline Brasil, coordenadora p\u00f3s-gradua\u00e7\u00e3o das \u00e1reas de Log\u00edstica, Qualidade e Inova\u00e7\u00e3o, e Leonardo N. Amorim, CEO da LAM Energy.<\/p>\n","protected":false},"excerpt":{"rendered":"<p>Celebrado no dia 22 de setembro, o Dia Mundial sem Carro busca conscientizar a popula\u00e7\u00e3o&#8230;<\/p>\n","protected":false},"author":3,"featured_media":34178,"comment_status":"open","ping_status":"open","sticky":false,"template":"","format":"standard","meta":[],"categories":[2704],"tags":[],"_links":{"self":[{"href":"https:\/\/www.uninter.com\/radio\/wp-json\/wp\/v2\/posts\/35965"}],"collection":[{"href":"https:\/\/www.uninter.com\/radio\/wp-json\/wp\/v2\/posts"}],"about":[{"href":"https:\/\/www.uninter.com\/radio\/wp-json\/wp\/v2\/types\/post"}],"author":[{"embeddable":true,"href":"https:\/\/www.uninter.com\/radio\/wp-json\/wp\/v2\/users\/3"}],"replies":[{"embeddable":true,"href":"https:\/\/www.uninter.com\/radio\/wp-json\/wp\/v2\/comments?post=35965"}],"version-history":[{"count":1,"href":"https:\/\/www.uninter.com\/radio\/wp-json\/wp\/v2\/posts\/35965\/revisions"}],"predecessor-version":[{"id":35966,"href":"https:\/\/www.uninter.com\/radio\/wp-json\/wp\/v2\/posts\/35965\/revisions\/35966"}],"wp:featuredmedia":[{"embeddable":true,"href":"https:\/\/www.uninter.com\/radio\/wp-json\/wp\/v2\/media\/34178"}],"wp:attachment":[{"href":"https:\/\/www.uninter.com\/radio\/wp-json\/wp\/v2\/media?parent=35965"}],"wp:term":[{"taxonomy":"category","embeddable":true,"href":"https:\/\/www.uninter.com\/radio\/wp-json\/wp\/v2\/categories?post=35965"},{"taxonomy":"post_tag","embeddable":true,"href":"https:\/\/www.uninter.com\/radio\/wp-json\/wp\/v2\/tags?post=35965"}],"curies":[{"name":"wp","href":"https:\/\/api.w.org\/{rel}","templated":true}]}}