{"id":35962,"date":"2023-10-05T16:17:21","date_gmt":"2023-10-05T19:17:21","guid":{"rendered":"https:\/\/www.uninter.com\/radio\/?p=35962"},"modified":"2023-10-05T16:17:22","modified_gmt":"2023-10-05T19:17:22","slug":"chave-interdisciplinar-atividade-fisica-cultura-e-saude-mental","status":"publish","type":"post","link":"https:\/\/www.uninter.com\/radio\/chave-interdisciplinar-atividade-fisica-cultura-e-saude-mental","title":{"rendered":"Chave Interdisciplinar | Atividade f\u00edsica, cultura e sa\u00fade mental"},"content":{"rendered":"\n<figure class=\"wp-block-audio\"><audio controls src=\"https:\/\/www.uninter.com\/radio\/wp-content\/uploads\/2023\/10\/chave-28-09-2023.mp3\"><\/audio><\/figure>\n\n\n\n<p>Nesta semana no Chave Interdisciplinar vamos debater formas de aplicar pr\u00e1ticas que promovam a sa\u00fade mental por meio da atividade f\u00edsica e da imers\u00e3o em express\u00f5es culturais, visando incentivar a ado\u00e7\u00e3o de um estilo de vida mais equilibrado para a gest\u00e3o do estresse e da resili\u00eancia emocional por meio de estrat\u00e9gias culturais e atividade f\u00edsica. Para a conversa recebemos os professores Marcos Ruiz da Silva e Etienne Marcelino Henklein.<\/p>\n","protected":false},"excerpt":{"rendered":"<p>Nesta semana no Chave Interdisciplinar vamos debater formas de aplicar pr\u00e1ticas que promovam a sa\u00fade&#8230;<\/p>\n","protected":false},"author":3,"featured_media":33668,"comment_status":"open","ping_status":"open","sticky":false,"template":"","format":"standard","meta":[],"categories":[2735],"tags":[],"_links":{"self":[{"href":"https:\/\/www.uninter.com\/radio\/wp-json\/wp\/v2\/posts\/35962"}],"collection":[{"href":"https:\/\/www.uninter.com\/radio\/wp-json\/wp\/v2\/posts"}],"about":[{"href":"https:\/\/www.uninter.com\/radio\/wp-json\/wp\/v2\/types\/post"}],"author":[{"embeddable":true,"href":"https:\/\/www.uninter.com\/radio\/wp-json\/wp\/v2\/users\/3"}],"replies":[{"embeddable":true,"href":"https:\/\/www.uninter.com\/radio\/wp-json\/wp\/v2\/comments?post=35962"}],"version-history":[{"count":1,"href":"https:\/\/www.uninter.com\/radio\/wp-json\/wp\/v2\/posts\/35962\/revisions"}],"predecessor-version":[{"id":35964,"href":"https:\/\/www.uninter.com\/radio\/wp-json\/wp\/v2\/posts\/35962\/revisions\/35964"}],"wp:featuredmedia":[{"embeddable":true,"href":"https:\/\/www.uninter.com\/radio\/wp-json\/wp\/v2\/media\/33668"}],"wp:attachment":[{"href":"https:\/\/www.uninter.com\/radio\/wp-json\/wp\/v2\/media?parent=35962"}],"wp:term":[{"taxonomy":"category","embeddable":true,"href":"https:\/\/www.uninter.com\/radio\/wp-json\/wp\/v2\/categories?post=35962"},{"taxonomy":"post_tag","embeddable":true,"href":"https:\/\/www.uninter.com\/radio\/wp-json\/wp\/v2\/tags?post=35962"}],"curies":[{"name":"wp","href":"https:\/\/api.w.org\/{rel}","templated":true}]}}