{"id":35935,"date":"2023-09-28T11:48:48","date_gmt":"2023-09-28T14:48:48","guid":{"rendered":"https:\/\/www.uninter.com\/radio\/?p=35935"},"modified":"2023-09-28T11:49:23","modified_gmt":"2023-09-28T14:49:23","slug":"inclusao-em-rede-adaptacao-e-flexibilizacao-curricular-parte-2","status":"publish","type":"post","link":"https:\/\/www.uninter.com\/radio\/inclusao-em-rede-adaptacao-e-flexibilizacao-curricular-parte-2","title":{"rendered":"Inclus\u00e3o em Rede | Adapta\u00e7\u00e3o e flexibiliza\u00e7\u00e3o curricular &#8211; parte 2"},"content":{"rendered":"\n<figure class=\"wp-block-audio\"><audio controls src=\"https:\/\/www.uninter.com\/radio\/wp-content\/uploads\/2023\/09\/inclusao-em-rede-22-09-2023.mp3\"><\/audio><\/figure>\n\n\n\n<p>Descubra como adapta\u00e7\u00e3o e flexibiliza\u00e7\u00e3o curricular s\u00e3o fundamentais para criar um ambiente educacional inclusivo, onde todos os estudantes t\u00eam a oportunidade de prosperar, independentemente de suas necessidades individuais. Se voc\u00ea \u00e9 um educador, pai, aluno ou algu\u00e9m apaixonado pela educa\u00e7\u00e3o, este programa \u00e9 para voc\u00ea. Conhe\u00e7a maneiras para tornar a educa\u00e7\u00e3o mais acess\u00edvel e significativa para todos.<\/p>\n","protected":false},"excerpt":{"rendered":"<p>Descubra como adapta\u00e7\u00e3o e flexibiliza\u00e7\u00e3o curricular s\u00e3o fundamentais para criar um ambiente educacional inclusivo, onde&#8230;<\/p>\n","protected":false},"author":3,"featured_media":33698,"comment_status":"open","ping_status":"open","sticky":false,"template":"","format":"standard","meta":[],"categories":[2727],"tags":[],"_links":{"self":[{"href":"https:\/\/www.uninter.com\/radio\/wp-json\/wp\/v2\/posts\/35935"}],"collection":[{"href":"https:\/\/www.uninter.com\/radio\/wp-json\/wp\/v2\/posts"}],"about":[{"href":"https:\/\/www.uninter.com\/radio\/wp-json\/wp\/v2\/types\/post"}],"author":[{"embeddable":true,"href":"https:\/\/www.uninter.com\/radio\/wp-json\/wp\/v2\/users\/3"}],"replies":[{"embeddable":true,"href":"https:\/\/www.uninter.com\/radio\/wp-json\/wp\/v2\/comments?post=35935"}],"version-history":[{"count":2,"href":"https:\/\/www.uninter.com\/radio\/wp-json\/wp\/v2\/posts\/35935\/revisions"}],"predecessor-version":[{"id":35938,"href":"https:\/\/www.uninter.com\/radio\/wp-json\/wp\/v2\/posts\/35935\/revisions\/35938"}],"wp:featuredmedia":[{"embeddable":true,"href":"https:\/\/www.uninter.com\/radio\/wp-json\/wp\/v2\/media\/33698"}],"wp:attachment":[{"href":"https:\/\/www.uninter.com\/radio\/wp-json\/wp\/v2\/media?parent=35935"}],"wp:term":[{"taxonomy":"category","embeddable":true,"href":"https:\/\/www.uninter.com\/radio\/wp-json\/wp\/v2\/categories?post=35935"},{"taxonomy":"post_tag","embeddable":true,"href":"https:\/\/www.uninter.com\/radio\/wp-json\/wp\/v2\/tags?post=35935"}],"curies":[{"name":"wp","href":"https:\/\/api.w.org\/{rel}","templated":true}]}}