{"id":35917,"date":"2023-09-28T11:32:42","date_gmt":"2023-09-28T14:32:42","guid":{"rendered":"https:\/\/www.uninter.com\/radio\/?p=35917"},"modified":"2023-09-28T11:32:43","modified_gmt":"2023-09-28T14:32:43","slug":"fala-prof-e-pertinente-discutir-genero-e-raca-no-brasil","status":"publish","type":"post","link":"https:\/\/www.uninter.com\/radio\/fala-prof-e-pertinente-discutir-genero-e-raca-no-brasil","title":{"rendered":"Fala, Prof! | \u00c9 pertinente discutir g\u00eanero e ra\u00e7a no Brasil?"},"content":{"rendered":"\n<figure class=\"wp-block-audio\"><audio controls src=\"https:\/\/www.uninter.com\/radio\/wp-content\/uploads\/2023\/09\/fala-prof-19-09-2023.mp3\"><\/audio><\/figure>\n\n\n\n<p>Em um pa\u00eds com popula\u00e7\u00e3o t\u00e3o diversa como o Brasil, \u00e9 pertinente discutirmos sobre g\u00eanero e ra\u00e7a? Ser\u00e1 que j\u00e1 entendemos o suficiente sobre pol\u00edticas afirmativas? Para conversarmos sobre estas e outras quest\u00f5es relacionadas ao tema, contaremos com a participa\u00e7\u00e3o especial da professora Jussara Marques de Medeiros, assistente social e doutoranda em Educa\u00e7\u00e3o. Com media\u00e7\u00e3o da professora Talita Cabral.<\/p>\n","protected":false},"excerpt":{"rendered":"<p>Em um pa\u00eds com popula\u00e7\u00e3o t\u00e3o diversa como o Brasil, \u00e9 pertinente discutirmos sobre g\u00eanero&#8230;<\/p>\n","protected":false},"author":3,"featured_media":30526,"comment_status":"open","ping_status":"open","sticky":false,"template":"","format":"standard","meta":[],"categories":[2763],"tags":[],"_links":{"self":[{"href":"https:\/\/www.uninter.com\/radio\/wp-json\/wp\/v2\/posts\/35917"}],"collection":[{"href":"https:\/\/www.uninter.com\/radio\/wp-json\/wp\/v2\/posts"}],"about":[{"href":"https:\/\/www.uninter.com\/radio\/wp-json\/wp\/v2\/types\/post"}],"author":[{"embeddable":true,"href":"https:\/\/www.uninter.com\/radio\/wp-json\/wp\/v2\/users\/3"}],"replies":[{"embeddable":true,"href":"https:\/\/www.uninter.com\/radio\/wp-json\/wp\/v2\/comments?post=35917"}],"version-history":[{"count":1,"href":"https:\/\/www.uninter.com\/radio\/wp-json\/wp\/v2\/posts\/35917\/revisions"}],"predecessor-version":[{"id":35919,"href":"https:\/\/www.uninter.com\/radio\/wp-json\/wp\/v2\/posts\/35917\/revisions\/35919"}],"wp:featuredmedia":[{"embeddable":true,"href":"https:\/\/www.uninter.com\/radio\/wp-json\/wp\/v2\/media\/30526"}],"wp:attachment":[{"href":"https:\/\/www.uninter.com\/radio\/wp-json\/wp\/v2\/media?parent=35917"}],"wp:term":[{"taxonomy":"category","embeddable":true,"href":"https:\/\/www.uninter.com\/radio\/wp-json\/wp\/v2\/categories?post=35917"},{"taxonomy":"post_tag","embeddable":true,"href":"https:\/\/www.uninter.com\/radio\/wp-json\/wp\/v2\/tags?post=35917"}],"curies":[{"name":"wp","href":"https:\/\/api.w.org\/{rel}","templated":true}]}}