{"id":35911,"date":"2023-09-28T11:28:46","date_gmt":"2023-09-28T14:28:46","guid":{"rendered":"https:\/\/www.uninter.com\/radio\/?p=35911"},"modified":"2023-09-28T11:28:47","modified_gmt":"2023-09-28T14:28:47","slug":"talento-em-foco-a-mulher-no-empreendedorismo","status":"publish","type":"post","link":"https:\/\/www.uninter.com\/radio\/talento-em-foco-a-mulher-no-empreendedorismo","title":{"rendered":"Talento em Foco | A mulher no empreendedorismo"},"content":{"rendered":"\n<figure class=\"wp-block-audio\"><audio controls src=\"https:\/\/www.uninter.com\/radio\/wp-content\/uploads\/2023\/09\/talento-em-foco-18-09-2023.mp3\"><\/audio><\/figure>\n\n\n\n<p>Na edi\u00e7\u00e3o do Talento em Foco iremos receber a mentora de mulheres e empreendedoras Magda Borba. S\u00e3o 10,3 milh\u00f5es de mulheres empreendedoras no Brasil, representando 34% do donos de neg\u00f3cios no pa\u00eds. A apresenta\u00e7\u00e3o \u00e9 da jornalista Barbara Carvalho.<\/p>\n","protected":false},"excerpt":{"rendered":"<p>Na edi\u00e7\u00e3o do Talento em Foco iremos receber a mentora de mulheres e empreendedoras Magda&#8230;<\/p>\n","protected":false},"author":3,"featured_media":31128,"comment_status":"open","ping_status":"open","sticky":false,"template":"","format":"standard","meta":[],"categories":[2723],"tags":[],"_links":{"self":[{"href":"https:\/\/www.uninter.com\/radio\/wp-json\/wp\/v2\/posts\/35911"}],"collection":[{"href":"https:\/\/www.uninter.com\/radio\/wp-json\/wp\/v2\/posts"}],"about":[{"href":"https:\/\/www.uninter.com\/radio\/wp-json\/wp\/v2\/types\/post"}],"author":[{"embeddable":true,"href":"https:\/\/www.uninter.com\/radio\/wp-json\/wp\/v2\/users\/3"}],"replies":[{"embeddable":true,"href":"https:\/\/www.uninter.com\/radio\/wp-json\/wp\/v2\/comments?post=35911"}],"version-history":[{"count":1,"href":"https:\/\/www.uninter.com\/radio\/wp-json\/wp\/v2\/posts\/35911\/revisions"}],"predecessor-version":[{"id":35913,"href":"https:\/\/www.uninter.com\/radio\/wp-json\/wp\/v2\/posts\/35911\/revisions\/35913"}],"wp:featuredmedia":[{"embeddable":true,"href":"https:\/\/www.uninter.com\/radio\/wp-json\/wp\/v2\/media\/31128"}],"wp:attachment":[{"href":"https:\/\/www.uninter.com\/radio\/wp-json\/wp\/v2\/media?parent=35911"}],"wp:term":[{"taxonomy":"category","embeddable":true,"href":"https:\/\/www.uninter.com\/radio\/wp-json\/wp\/v2\/categories?post=35911"},{"taxonomy":"post_tag","embeddable":true,"href":"https:\/\/www.uninter.com\/radio\/wp-json\/wp\/v2\/tags?post=35911"}],"curies":[{"name":"wp","href":"https:\/\/api.w.org\/{rel}","templated":true}]}}