{"id":35904,"date":"2023-09-21T17:24:15","date_gmt":"2023-09-21T20:24:15","guid":{"rendered":"https:\/\/www.uninter.com\/radio\/?p=35904"},"modified":"2023-09-21T17:24:16","modified_gmt":"2023-09-21T20:24:16","slug":"conversa-com-o-reitor-estudantes-desvendam-a-estrutura-politica-no-parlamento-universitario","status":"publish","type":"post","link":"https:\/\/www.uninter.com\/radio\/conversa-com-o-reitor-estudantes-desvendam-a-estrutura-politica-no-parlamento-universitario","title":{"rendered":"Conversa com o Reitor | Estudantes desvendam a estrutura pol\u00edtica no Parlamento Universit\u00e1rio"},"content":{"rendered":"\n<figure class=\"wp-block-audio\"><audio controls src=\"https:\/\/www.uninter.com\/radio\/wp-content\/uploads\/2023\/09\/conversa-com-o-reitor-15-09-2023.mp3\"><\/audio><\/figure>\n\n\n\n<p>O Parlamento Universit\u00e1rio \u00e9 o maior programa de simula\u00e7\u00e3o de parlamento do pa\u00eds. \u00c9 uma iniciativa da Escola do Legislativo da Assembleia Legislativa do Paran\u00e1 que acontece no m\u00eas de julho, durante o recesso das sess\u00f5es plen\u00e1rias. No Conversa com o Reitor desta semana, mostraremos a participa\u00e7\u00e3o da Uninter na iniciativa. Benhur Gaio recebe o coordenador de Gest\u00e3o de Partidos Pol\u00edticos, Lucas Massimo, e os estudantes William Ferreira, Luiz Fernando Sim\u00e3o e Maria Francisca Marcondes, que contar\u00e3o suas experi\u00eancias com o projeto.<\/p>\n","protected":false},"excerpt":{"rendered":"<p>O Parlamento Universit\u00e1rio \u00e9 o maior programa de simula\u00e7\u00e3o de parlamento do pa\u00eds. \u00c9 uma&#8230;<\/p>\n","protected":false},"author":3,"featured_media":31088,"comment_status":"open","ping_status":"open","sticky":false,"template":"","format":"standard","meta":[],"categories":[2724],"tags":[],"_links":{"self":[{"href":"https:\/\/www.uninter.com\/radio\/wp-json\/wp\/v2\/posts\/35904"}],"collection":[{"href":"https:\/\/www.uninter.com\/radio\/wp-json\/wp\/v2\/posts"}],"about":[{"href":"https:\/\/www.uninter.com\/radio\/wp-json\/wp\/v2\/types\/post"}],"author":[{"embeddable":true,"href":"https:\/\/www.uninter.com\/radio\/wp-json\/wp\/v2\/users\/3"}],"replies":[{"embeddable":true,"href":"https:\/\/www.uninter.com\/radio\/wp-json\/wp\/v2\/comments?post=35904"}],"version-history":[{"count":1,"href":"https:\/\/www.uninter.com\/radio\/wp-json\/wp\/v2\/posts\/35904\/revisions"}],"predecessor-version":[{"id":35906,"href":"https:\/\/www.uninter.com\/radio\/wp-json\/wp\/v2\/posts\/35904\/revisions\/35906"}],"wp:featuredmedia":[{"embeddable":true,"href":"https:\/\/www.uninter.com\/radio\/wp-json\/wp\/v2\/media\/31088"}],"wp:attachment":[{"href":"https:\/\/www.uninter.com\/radio\/wp-json\/wp\/v2\/media?parent=35904"}],"wp:term":[{"taxonomy":"category","embeddable":true,"href":"https:\/\/www.uninter.com\/radio\/wp-json\/wp\/v2\/categories?post=35904"},{"taxonomy":"post_tag","embeddable":true,"href":"https:\/\/www.uninter.com\/radio\/wp-json\/wp\/v2\/tags?post=35904"}],"curies":[{"name":"wp","href":"https:\/\/api.w.org\/{rel}","templated":true}]}}