{"id":35899,"date":"2023-09-21T17:22:09","date_gmt":"2023-09-21T20:22:09","guid":{"rendered":"https:\/\/www.uninter.com\/radio\/?p=35899"},"modified":"2023-09-21T17:22:57","modified_gmt":"2023-09-21T20:22:57","slug":"diversos-da-pos-combate-ao-estresse","status":"publish","type":"post","link":"https:\/\/www.uninter.com\/radio\/diversos-da-pos-combate-ao-estresse","title":{"rendered":"Diversos da P\u00f3s | Combate ao estresse"},"content":{"rendered":"\n<figure class=\"wp-block-audio\"><audio controls src=\"https:\/\/www.uninter.com\/radio\/wp-content\/uploads\/2023\/09\/diversos-da-pos-14-09-2023.mp3\"><\/audio><\/figure>\n\n\n\n<p>No dia 23\/09 \u00e9 comemorado o dia de Combate ao Estresse. No ano passado a OMS divulgou que cerca de 90% da popula\u00e7\u00e3o mundial sofre com o estresse. A nova Classifica\u00e7\u00e3o Estat\u00edstica Internacional de Doen\u00e7as e Problemas Relacionados com a Sa\u00fade \u2013 CID -11, traz dentre as doen\u00e7as classificadas o burnout como doen\u00e7a ocupacional. Trata-se de uma s\u00edndrome, onde o indiv\u00edduo apresenta estresse cr\u00f4nico, isto \u00e9, esgotamento f\u00edsico, emocional e mental. Vamos falar sobre este tema no Diversos da P\u00f3s desta semana, e para a conversa, recebenos as professoras Relly Amaral e Rosimara Mendes, e tamb\u00e9m a psic\u00f3loga Ta\u00eds Martins.<\/p>\n","protected":false},"excerpt":{"rendered":"<p>No dia 23\/09 \u00e9 comemorado o dia de Combate ao Estresse. No ano passado a&#8230;<\/p>\n","protected":false},"author":3,"featured_media":34178,"comment_status":"open","ping_status":"open","sticky":false,"template":"","format":"standard","meta":[],"categories":[2704],"tags":[],"_links":{"self":[{"href":"https:\/\/www.uninter.com\/radio\/wp-json\/wp\/v2\/posts\/35899"}],"collection":[{"href":"https:\/\/www.uninter.com\/radio\/wp-json\/wp\/v2\/posts"}],"about":[{"href":"https:\/\/www.uninter.com\/radio\/wp-json\/wp\/v2\/types\/post"}],"author":[{"embeddable":true,"href":"https:\/\/www.uninter.com\/radio\/wp-json\/wp\/v2\/users\/3"}],"replies":[{"embeddable":true,"href":"https:\/\/www.uninter.com\/radio\/wp-json\/wp\/v2\/comments?post=35899"}],"version-history":[{"count":2,"href":"https:\/\/www.uninter.com\/radio\/wp-json\/wp\/v2\/posts\/35899\/revisions"}],"predecessor-version":[{"id":35903,"href":"https:\/\/www.uninter.com\/radio\/wp-json\/wp\/v2\/posts\/35899\/revisions\/35903"}],"wp:featuredmedia":[{"embeddable":true,"href":"https:\/\/www.uninter.com\/radio\/wp-json\/wp\/v2\/media\/34178"}],"wp:attachment":[{"href":"https:\/\/www.uninter.com\/radio\/wp-json\/wp\/v2\/media?parent=35899"}],"wp:term":[{"taxonomy":"category","embeddable":true,"href":"https:\/\/www.uninter.com\/radio\/wp-json\/wp\/v2\/categories?post=35899"},{"taxonomy":"post_tag","embeddable":true,"href":"https:\/\/www.uninter.com\/radio\/wp-json\/wp\/v2\/tags?post=35899"}],"curies":[{"name":"wp","href":"https:\/\/api.w.org\/{rel}","templated":true}]}}