{"id":35893,"date":"2023-09-21T17:15:53","date_gmt":"2023-09-21T20:15:53","guid":{"rendered":"https:\/\/www.uninter.com\/radio\/?p=35893"},"modified":"2023-09-21T17:15:54","modified_gmt":"2023-09-21T20:15:54","slug":"chave-interdisciplinar-dia-da-amazonia","status":"publish","type":"post","link":"https:\/\/www.uninter.com\/radio\/chave-interdisciplinar-dia-da-amazonia","title":{"rendered":"Chave Interdisciplinar | Dia da Amaz\u00f4nia"},"content":{"rendered":"\n<figure class=\"wp-block-audio\"><audio controls src=\"https:\/\/www.uninter.com\/radio\/wp-content\/uploads\/2023\/09\/chave-14-09-2023.mp3\"><\/audio><\/figure>\n\n\n\n<p>Nesta semana o programa Chave Interdisciplinar busca debater entre os professores convidados, uma abordagem a respeito da import\u00e2ncia do bioma Amaz\u00f4nia, e da preserva\u00e7\u00e3o dele, incluindo nesta abordagem os seus reflexos para a sociedade de uma forma geral. Para a conversa recebemos Adriana Garbossa, Julia Bertoti e Ariadne Farias.<\/p>\n","protected":false},"excerpt":{"rendered":"<p>Nesta semana o programa Chave Interdisciplinar busca debater entre os professores convidados, uma abordagem a&#8230;<\/p>\n","protected":false},"author":3,"featured_media":33668,"comment_status":"open","ping_status":"open","sticky":false,"template":"","format":"standard","meta":[],"categories":[2735],"tags":[],"_links":{"self":[{"href":"https:\/\/www.uninter.com\/radio\/wp-json\/wp\/v2\/posts\/35893"}],"collection":[{"href":"https:\/\/www.uninter.com\/radio\/wp-json\/wp\/v2\/posts"}],"about":[{"href":"https:\/\/www.uninter.com\/radio\/wp-json\/wp\/v2\/types\/post"}],"author":[{"embeddable":true,"href":"https:\/\/www.uninter.com\/radio\/wp-json\/wp\/v2\/users\/3"}],"replies":[{"embeddable":true,"href":"https:\/\/www.uninter.com\/radio\/wp-json\/wp\/v2\/comments?post=35893"}],"version-history":[{"count":1,"href":"https:\/\/www.uninter.com\/radio\/wp-json\/wp\/v2\/posts\/35893\/revisions"}],"predecessor-version":[{"id":35895,"href":"https:\/\/www.uninter.com\/radio\/wp-json\/wp\/v2\/posts\/35893\/revisions\/35895"}],"wp:featuredmedia":[{"embeddable":true,"href":"https:\/\/www.uninter.com\/radio\/wp-json\/wp\/v2\/media\/33668"}],"wp:attachment":[{"href":"https:\/\/www.uninter.com\/radio\/wp-json\/wp\/v2\/media?parent=35893"}],"wp:term":[{"taxonomy":"category","embeddable":true,"href":"https:\/\/www.uninter.com\/radio\/wp-json\/wp\/v2\/categories?post=35893"},{"taxonomy":"post_tag","embeddable":true,"href":"https:\/\/www.uninter.com\/radio\/wp-json\/wp\/v2\/tags?post=35893"}],"curies":[{"name":"wp","href":"https:\/\/api.w.org\/{rel}","templated":true}]}}