{"id":35887,"date":"2023-09-21T17:11:26","date_gmt":"2023-09-21T20:11:26","guid":{"rendered":"https:\/\/www.uninter.com\/radio\/?p=35887"},"modified":"2023-09-21T17:11:27","modified_gmt":"2023-09-21T20:11:27","slug":"atualidades-da-educacao-vocacoes-religiosas","status":"publish","type":"post","link":"https:\/\/www.uninter.com\/radio\/atualidades-da-educacao-vocacoes-religiosas","title":{"rendered":"Atualidades da Educa\u00e7\u00e3o | Voca\u00e7\u00f5es religiosas"},"content":{"rendered":"\n<figure class=\"wp-block-audio\"><audio controls src=\"https:\/\/www.uninter.com\/radio\/wp-content\/uploads\/2023\/09\/atualidades-da-educacao-13-09-2023.mp3\"><\/audio><\/figure>\n\n\n\n<p>Nesta semana o Atualidades da Educa\u00e7\u00e3o debate os pontos essenciais sobre a voca\u00e7\u00e3o religiosa. Para a conversa, Alvino Moser e Luis Fernando Lopes recebem Vilson Jos\u00e9 da Silva, doutor em Teologia B\u00edblica e Frei da OFMCap.<\/p>\n","protected":false},"excerpt":{"rendered":"<p>Nesta semana o Atualidades da Educa\u00e7\u00e3o debate os pontos essenciais sobre a voca\u00e7\u00e3o religiosa. Para&#8230;<\/p>\n","protected":false},"author":3,"featured_media":33674,"comment_status":"open","ping_status":"open","sticky":false,"template":"","format":"standard","meta":[],"categories":[2760],"tags":[],"_links":{"self":[{"href":"https:\/\/www.uninter.com\/radio\/wp-json\/wp\/v2\/posts\/35887"}],"collection":[{"href":"https:\/\/www.uninter.com\/radio\/wp-json\/wp\/v2\/posts"}],"about":[{"href":"https:\/\/www.uninter.com\/radio\/wp-json\/wp\/v2\/types\/post"}],"author":[{"embeddable":true,"href":"https:\/\/www.uninter.com\/radio\/wp-json\/wp\/v2\/users\/3"}],"replies":[{"embeddable":true,"href":"https:\/\/www.uninter.com\/radio\/wp-json\/wp\/v2\/comments?post=35887"}],"version-history":[{"count":1,"href":"https:\/\/www.uninter.com\/radio\/wp-json\/wp\/v2\/posts\/35887\/revisions"}],"predecessor-version":[{"id":35889,"href":"https:\/\/www.uninter.com\/radio\/wp-json\/wp\/v2\/posts\/35887\/revisions\/35889"}],"wp:featuredmedia":[{"embeddable":true,"href":"https:\/\/www.uninter.com\/radio\/wp-json\/wp\/v2\/media\/33674"}],"wp:attachment":[{"href":"https:\/\/www.uninter.com\/radio\/wp-json\/wp\/v2\/media?parent=35887"}],"wp:term":[{"taxonomy":"category","embeddable":true,"href":"https:\/\/www.uninter.com\/radio\/wp-json\/wp\/v2\/categories?post=35887"},{"taxonomy":"post_tag","embeddable":true,"href":"https:\/\/www.uninter.com\/radio\/wp-json\/wp\/v2\/tags?post=35887"}],"curies":[{"name":"wp","href":"https:\/\/api.w.org\/{rel}","templated":true}]}}