{"id":35881,"date":"2023-09-21T17:07:34","date_gmt":"2023-09-21T20:07:34","guid":{"rendered":"https:\/\/www.uninter.com\/radio\/?p=35881"},"modified":"2023-09-21T17:07:35","modified_gmt":"2023-09-21T20:07:35","slug":"papo-castico-acesso-a-educacao-pelo-povo-preto","status":"publish","type":"post","link":"https:\/\/www.uninter.com\/radio\/papo-castico-acesso-a-educacao-pelo-povo-preto","title":{"rendered":"Papo Casti\u00e7o | Acesso \u00e0 educa\u00e7\u00e3o pelo povo preto"},"content":{"rendered":"\n<figure class=\"wp-block-audio\"><audio controls src=\"https:\/\/www.uninter.com\/radio\/wp-content\/uploads\/2023\/09\/papo-castico-13-09-2023.mp3\"><\/audio><\/figure>\n\n\n\n<p>Voc\u00ea sabia que, apesar da popula\u00e7\u00e3o negra representar mais de 56% no Brasil, apenas 48,3% dessas pessoas est\u00e3o dentro de institui\u00e7\u00f5es de ensino superior? Isso est\u00e1 indiscutivelmente atrelado a quest\u00f5es raciais que dificultam a ascens\u00e3o social da popula\u00e7\u00e3o preta. Nesta semana no Papo Casti\u00e7o n\u00f3s vamos falar sobre o acesso \u00e0 educa\u00e7\u00e3o pelo povo preto no Brasil. Para a conversa, Joice Diaz recebe a mestre em Educa\u00e7\u00e3o e Novas Tecnologias Roseli Ad\u00e3o.<\/p>\n","protected":false},"excerpt":{"rendered":"<p>Voc\u00ea sabia que, apesar da popula\u00e7\u00e3o negra representar mais de 56% no Brasil, apenas 48,3%&#8230;<\/p>\n","protected":false},"author":3,"featured_media":34252,"comment_status":"open","ping_status":"open","sticky":false,"template":"","format":"standard","meta":[],"categories":[2841],"tags":[],"_links":{"self":[{"href":"https:\/\/www.uninter.com\/radio\/wp-json\/wp\/v2\/posts\/35881"}],"collection":[{"href":"https:\/\/www.uninter.com\/radio\/wp-json\/wp\/v2\/posts"}],"about":[{"href":"https:\/\/www.uninter.com\/radio\/wp-json\/wp\/v2\/types\/post"}],"author":[{"embeddable":true,"href":"https:\/\/www.uninter.com\/radio\/wp-json\/wp\/v2\/users\/3"}],"replies":[{"embeddable":true,"href":"https:\/\/www.uninter.com\/radio\/wp-json\/wp\/v2\/comments?post=35881"}],"version-history":[{"count":1,"href":"https:\/\/www.uninter.com\/radio\/wp-json\/wp\/v2\/posts\/35881\/revisions"}],"predecessor-version":[{"id":35883,"href":"https:\/\/www.uninter.com\/radio\/wp-json\/wp\/v2\/posts\/35881\/revisions\/35883"}],"wp:featuredmedia":[{"embeddable":true,"href":"https:\/\/www.uninter.com\/radio\/wp-json\/wp\/v2\/media\/34252"}],"wp:attachment":[{"href":"https:\/\/www.uninter.com\/radio\/wp-json\/wp\/v2\/media?parent=35881"}],"wp:term":[{"taxonomy":"category","embeddable":true,"href":"https:\/\/www.uninter.com\/radio\/wp-json\/wp\/v2\/categories?post=35881"},{"taxonomy":"post_tag","embeddable":true,"href":"https:\/\/www.uninter.com\/radio\/wp-json\/wp\/v2\/tags?post=35881"}],"curies":[{"name":"wp","href":"https:\/\/api.w.org\/{rel}","templated":true}]}}