{"id":35865,"date":"2023-09-15T17:47:23","date_gmt":"2023-09-15T20:47:23","guid":{"rendered":"https:\/\/www.uninter.com\/radio\/?p=35865"},"modified":"2023-09-15T17:47:24","modified_gmt":"2023-09-15T20:47:24","slug":"papo-castico-estante-afro-a-importancia-da-literatura-preta","status":"publish","type":"post","link":"https:\/\/www.uninter.com\/radio\/papo-castico-estante-afro-a-importancia-da-literatura-preta","title":{"rendered":"Papo Casti\u00e7o | Estante Afro: a import\u00e2ncia da literatura preta"},"content":{"rendered":"\n<figure class=\"wp-block-audio\"><audio controls src=\"blob:https:\/\/www.uninter.com\/047cdbc4-614d-45f5-8542-10bf7c6e29f6\"><\/audio><\/figure>\n\n\n\n<p>Voc\u00ea sabia que um dos maiores nomes da nossa literatura, Machado de Assis, era negro? Muitos nomes da nossa cultura e literatura, como Maria Firmina dos Reis e Luiz Gama, tiveram seu talento negligenciado, por muitas vezes embranquecido e sendo at\u00e9 esquecido. E o que n\u00f3s podemos fazer hoje para reparar e dar a devida import\u00e2ncia a literatura e aos autores negros? Vamos debater sobre isso e tamb\u00e9m falar sobre uma recente iniciativa inaugurada na Biblioteca P\u00fablica do Paran\u00e1, a Estante Afro \u2013 Maria \u00c1gueda, no Papo Casti\u00e7o de hoje. Para a conversa, Joice Diaz recebe Mestre Kandiero, presidente do Centro Cultural Humait\u00e1.<\/p>\n","protected":false},"excerpt":{"rendered":"<p>Voc\u00ea sabia que um dos maiores nomes da nossa literatura, Machado de Assis, era negro?&#8230;<\/p>\n","protected":false},"author":3,"featured_media":34252,"comment_status":"open","ping_status":"open","sticky":false,"template":"","format":"standard","meta":[],"categories":[2841],"tags":[],"_links":{"self":[{"href":"https:\/\/www.uninter.com\/radio\/wp-json\/wp\/v2\/posts\/35865"}],"collection":[{"href":"https:\/\/www.uninter.com\/radio\/wp-json\/wp\/v2\/posts"}],"about":[{"href":"https:\/\/www.uninter.com\/radio\/wp-json\/wp\/v2\/types\/post"}],"author":[{"embeddable":true,"href":"https:\/\/www.uninter.com\/radio\/wp-json\/wp\/v2\/users\/3"}],"replies":[{"embeddable":true,"href":"https:\/\/www.uninter.com\/radio\/wp-json\/wp\/v2\/comments?post=35865"}],"version-history":[{"count":1,"href":"https:\/\/www.uninter.com\/radio\/wp-json\/wp\/v2\/posts\/35865\/revisions"}],"predecessor-version":[{"id":35867,"href":"https:\/\/www.uninter.com\/radio\/wp-json\/wp\/v2\/posts\/35865\/revisions\/35867"}],"wp:featuredmedia":[{"embeddable":true,"href":"https:\/\/www.uninter.com\/radio\/wp-json\/wp\/v2\/media\/34252"}],"wp:attachment":[{"href":"https:\/\/www.uninter.com\/radio\/wp-json\/wp\/v2\/media?parent=35865"}],"wp:term":[{"taxonomy":"category","embeddable":true,"href":"https:\/\/www.uninter.com\/radio\/wp-json\/wp\/v2\/categories?post=35865"},{"taxonomy":"post_tag","embeddable":true,"href":"https:\/\/www.uninter.com\/radio\/wp-json\/wp\/v2\/tags?post=35865"}],"curies":[{"name":"wp","href":"https:\/\/api.w.org\/{rel}","templated":true}]}}