{"id":35862,"date":"2023-09-15T17:44:28","date_gmt":"2023-09-15T20:44:28","guid":{"rendered":"https:\/\/www.uninter.com\/radio\/?p=35862"},"modified":"2023-09-15T17:44:29","modified_gmt":"2023-09-15T20:44:29","slug":"hipermidia-alunos-da-pos-da-tv-a-criacao-de-conteudo-digital","status":"publish","type":"post","link":"https:\/\/www.uninter.com\/radio\/hipermidia-alunos-da-pos-da-tv-a-criacao-de-conteudo-digital","title":{"rendered":"Hiperm\u00eddia | Alunos da P\u00f3s: da TV \u00e0 cria\u00e7\u00e3o de conte\u00fado digital"},"content":{"rendered":"\n<figure class=\"wp-block-audio\"><audio controls src=\"https:\/\/www.uninter.com\/radio\/wp-content\/uploads\/2023\/09\/hipermidia-05-09-2023.mp3\"><\/audio><\/figure>\n\n\n\n<p>A edi\u00e7\u00e3o de setembro do Hiperm\u00eddia traz uma conversa sobre a produ\u00e7\u00e3o de conte\u00fado para a TV e a cria\u00e7\u00e3o de conte\u00fado digital. Para o bate-papo, os professoras Cl\u00f3vis Teixeira e Edna Chimenes recebem as alunas Amanda Batista e Renata Queiroz.<\/p>\n","protected":false},"excerpt":{"rendered":"<p>A edi\u00e7\u00e3o de setembro do Hiperm\u00eddia traz uma conversa sobre a produ\u00e7\u00e3o de conte\u00fado para&#8230;<\/p>\n","protected":false},"author":3,"featured_media":33720,"comment_status":"open","ping_status":"open","sticky":false,"template":"","format":"standard","meta":[],"categories":[2765],"tags":[],"_links":{"self":[{"href":"https:\/\/www.uninter.com\/radio\/wp-json\/wp\/v2\/posts\/35862"}],"collection":[{"href":"https:\/\/www.uninter.com\/radio\/wp-json\/wp\/v2\/posts"}],"about":[{"href":"https:\/\/www.uninter.com\/radio\/wp-json\/wp\/v2\/types\/post"}],"author":[{"embeddable":true,"href":"https:\/\/www.uninter.com\/radio\/wp-json\/wp\/v2\/users\/3"}],"replies":[{"embeddable":true,"href":"https:\/\/www.uninter.com\/radio\/wp-json\/wp\/v2\/comments?post=35862"}],"version-history":[{"count":1,"href":"https:\/\/www.uninter.com\/radio\/wp-json\/wp\/v2\/posts\/35862\/revisions"}],"predecessor-version":[{"id":35864,"href":"https:\/\/www.uninter.com\/radio\/wp-json\/wp\/v2\/posts\/35862\/revisions\/35864"}],"wp:featuredmedia":[{"embeddable":true,"href":"https:\/\/www.uninter.com\/radio\/wp-json\/wp\/v2\/media\/33720"}],"wp:attachment":[{"href":"https:\/\/www.uninter.com\/radio\/wp-json\/wp\/v2\/media?parent=35862"}],"wp:term":[{"taxonomy":"category","embeddable":true,"href":"https:\/\/www.uninter.com\/radio\/wp-json\/wp\/v2\/categories?post=35862"},{"taxonomy":"post_tag","embeddable":true,"href":"https:\/\/www.uninter.com\/radio\/wp-json\/wp\/v2\/tags?post=35862"}],"curies":[{"name":"wp","href":"https:\/\/api.w.org\/{rel}","templated":true}]}}