{"id":35838,"date":"2023-09-13T14:02:50","date_gmt":"2023-09-13T17:02:50","guid":{"rendered":"https:\/\/www.uninter.com\/radio\/?p=35838"},"modified":"2023-09-13T14:02:51","modified_gmt":"2023-09-13T17:02:51","slug":"inclusao-em-rede-adaptacao-e-flexibilizacao-curricular","status":"publish","type":"post","link":"https:\/\/www.uninter.com\/radio\/inclusao-em-rede-adaptacao-e-flexibilizacao-curricular","title":{"rendered":"Inclus\u00e3o em Rede | Adapta\u00e7\u00e3o e flexibiliza\u00e7\u00e3o curricular"},"content":{"rendered":"\n<figure class=\"wp-block-audio\"><audio controls src=\"https:\/\/www.uninter.com\/radio\/wp-content\/uploads\/2023\/09\/inclusao-em-rede-01-09-2023.mp3\"><\/audio><\/figure>\n\n\n\n<p>Nesta semana o Inclus\u00e3o em Rede promove uma reflex\u00e3o sobre a adapta\u00e7\u00e3o e flexibiliza\u00e7\u00e3o escolar. Para a conversa, Leomar Marchesini recebe a escritora e professora Siana do Carmo Bueno.<\/p>\n","protected":false},"excerpt":{"rendered":"<p>Nesta semana o Inclus\u00e3o em Rede promove uma reflex\u00e3o sobre a adapta\u00e7\u00e3o e flexibiliza\u00e7\u00e3o escolar&#8230;.<\/p>\n","protected":false},"author":3,"featured_media":33698,"comment_status":"open","ping_status":"open","sticky":false,"template":"","format":"standard","meta":[],"categories":[2727],"tags":[],"_links":{"self":[{"href":"https:\/\/www.uninter.com\/radio\/wp-json\/wp\/v2\/posts\/35838"}],"collection":[{"href":"https:\/\/www.uninter.com\/radio\/wp-json\/wp\/v2\/posts"}],"about":[{"href":"https:\/\/www.uninter.com\/radio\/wp-json\/wp\/v2\/types\/post"}],"author":[{"embeddable":true,"href":"https:\/\/www.uninter.com\/radio\/wp-json\/wp\/v2\/users\/3"}],"replies":[{"embeddable":true,"href":"https:\/\/www.uninter.com\/radio\/wp-json\/wp\/v2\/comments?post=35838"}],"version-history":[{"count":1,"href":"https:\/\/www.uninter.com\/radio\/wp-json\/wp\/v2\/posts\/35838\/revisions"}],"predecessor-version":[{"id":35840,"href":"https:\/\/www.uninter.com\/radio\/wp-json\/wp\/v2\/posts\/35838\/revisions\/35840"}],"wp:featuredmedia":[{"embeddable":true,"href":"https:\/\/www.uninter.com\/radio\/wp-json\/wp\/v2\/media\/33698"}],"wp:attachment":[{"href":"https:\/\/www.uninter.com\/radio\/wp-json\/wp\/v2\/media?parent=35838"}],"wp:term":[{"taxonomy":"category","embeddable":true,"href":"https:\/\/www.uninter.com\/radio\/wp-json\/wp\/v2\/categories?post=35838"},{"taxonomy":"post_tag","embeddable":true,"href":"https:\/\/www.uninter.com\/radio\/wp-json\/wp\/v2\/tags?post=35838"}],"curies":[{"name":"wp","href":"https:\/\/api.w.org\/{rel}","templated":true}]}}