{"id":35835,"date":"2023-09-13T13:58:48","date_gmt":"2023-09-13T16:58:48","guid":{"rendered":"https:\/\/www.uninter.com\/radio\/?p=35835"},"modified":"2023-09-13T13:58:48","modified_gmt":"2023-09-13T16:58:48","slug":"conversa-com-o-reitor-futuro-passa-pelo-estagio-e-o-ciee-faz-a-ponte-entre-estudantes-e-empresas","status":"publish","type":"post","link":"https:\/\/www.uninter.com\/radio\/conversa-com-o-reitor-futuro-passa-pelo-estagio-e-o-ciee-faz-a-ponte-entre-estudantes-e-empresas","title":{"rendered":"Conversa com o Reitor | Futuro passa pelo est\u00e1gio, e o CIEE faz a ponte entre estudantes e empresas"},"content":{"rendered":"\n<figure class=\"wp-block-audio\"><audio controls src=\"https:\/\/www.uninter.com\/radio\/wp-content\/uploads\/2023\/09\/conversa-com-o-reitor-01-09-2023.mp3\"><\/audio><\/figure>\n\n\n\n<p>O Conversa com o Reitor desta semana apresenta o espa\u00e7o profissional que o est\u00e1gio ocupa na constru\u00e7\u00e3o de carreiras e o papel da institui\u00e7\u00e3o de ensino nessa forma\u00e7\u00e3o. Benhur Gaio recebe o presidente do Centro de Integra\u00e7\u00e3o Empresa-Escola do Paran\u00e1 (CIEE-PR), Antoninho Caron, e o estagi\u00e1rio da Central de Not\u00edcias Uninter (CNU) Luiz Carlos Garcel J\u00fanior para o bate-papo.<\/p>\n","protected":false},"excerpt":{"rendered":"<p>O Conversa com o Reitor desta semana apresenta o espa\u00e7o profissional que o est\u00e1gio ocupa&#8230;<\/p>\n","protected":false},"author":3,"featured_media":31088,"comment_status":"open","ping_status":"open","sticky":false,"template":"","format":"standard","meta":[],"categories":[2724],"tags":[],"_links":{"self":[{"href":"https:\/\/www.uninter.com\/radio\/wp-json\/wp\/v2\/posts\/35835"}],"collection":[{"href":"https:\/\/www.uninter.com\/radio\/wp-json\/wp\/v2\/posts"}],"about":[{"href":"https:\/\/www.uninter.com\/radio\/wp-json\/wp\/v2\/types\/post"}],"author":[{"embeddable":true,"href":"https:\/\/www.uninter.com\/radio\/wp-json\/wp\/v2\/users\/3"}],"replies":[{"embeddable":true,"href":"https:\/\/www.uninter.com\/radio\/wp-json\/wp\/v2\/comments?post=35835"}],"version-history":[{"count":1,"href":"https:\/\/www.uninter.com\/radio\/wp-json\/wp\/v2\/posts\/35835\/revisions"}],"predecessor-version":[{"id":35837,"href":"https:\/\/www.uninter.com\/radio\/wp-json\/wp\/v2\/posts\/35835\/revisions\/35837"}],"wp:featuredmedia":[{"embeddable":true,"href":"https:\/\/www.uninter.com\/radio\/wp-json\/wp\/v2\/media\/31088"}],"wp:attachment":[{"href":"https:\/\/www.uninter.com\/radio\/wp-json\/wp\/v2\/media?parent=35835"}],"wp:term":[{"taxonomy":"category","embeddable":true,"href":"https:\/\/www.uninter.com\/radio\/wp-json\/wp\/v2\/categories?post=35835"},{"taxonomy":"post_tag","embeddable":true,"href":"https:\/\/www.uninter.com\/radio\/wp-json\/wp\/v2\/tags?post=35835"}],"curies":[{"name":"wp","href":"https:\/\/api.w.org\/{rel}","templated":true}]}}