{"id":35832,"date":"2023-09-13T13:56:40","date_gmt":"2023-09-13T16:56:40","guid":{"rendered":"https:\/\/www.uninter.com\/radio\/?p=35832"},"modified":"2023-09-13T13:56:41","modified_gmt":"2023-09-13T16:56:41","slug":"diversos-da-pos-educacao-e-conscientizacao-sobre-a-esclerose-multipla-em","status":"publish","type":"post","link":"https:\/\/www.uninter.com\/radio\/diversos-da-pos-educacao-e-conscientizacao-sobre-a-esclerose-multipla-em","title":{"rendered":"Diversos da P\u00f3s | Educa\u00e7\u00e3o e conscientiza\u00e7\u00e3o sobre a Esclerose M\u00faltipla (EM)"},"content":{"rendered":"\n<figure class=\"wp-block-audio\"><audio controls src=\"https:\/\/www.uninter.com\/radio\/wp-content\/uploads\/2023\/09\/diversos-da-pos-31-08-2023.mp3\"><\/audio><\/figure>\n\n\n\n<p>Segundo a Associa\u00e7\u00e3o Brasileira de Esclerose M\u00faltipla (EM), trata-se de doen\u00e7a neurol\u00f3gica inflamat\u00f3ria, cr\u00f4nica e autoimune, pois as c\u00e9lulas de defesa do organismo atacam o pr\u00f3prio sistema nervoso central, causando les\u00f5es cerebrais e medulares. Anualmente, 30 de agosto foi estabelecido pela Lei n. 11.303\/2006 como Dia Nacional de Conscientiza\u00e7\u00e3o sobre a Esclerose M\u00faltipla, e o programa Diversos da P\u00f3s abordar\u00e1 a tem\u00e1tica &#8220;Educa\u00e7\u00e3o e conscientiza\u00e7\u00e3o sobre a Esclerose M\u00faltipla (EM)&#8221;. Para a conversa recebemos Pricila de Souza, Bianca Cristina de Melo, Paloma Herginzer e Raquel Fernandes.<\/p>\n","protected":false},"excerpt":{"rendered":"<p>Segundo a Associa\u00e7\u00e3o Brasileira de Esclerose M\u00faltipla (EM), trata-se de doen\u00e7a neurol\u00f3gica inflamat\u00f3ria, cr\u00f4nica e&#8230;<\/p>\n","protected":false},"author":3,"featured_media":34178,"comment_status":"open","ping_status":"open","sticky":false,"template":"","format":"standard","meta":[],"categories":[2704],"tags":[],"_links":{"self":[{"href":"https:\/\/www.uninter.com\/radio\/wp-json\/wp\/v2\/posts\/35832"}],"collection":[{"href":"https:\/\/www.uninter.com\/radio\/wp-json\/wp\/v2\/posts"}],"about":[{"href":"https:\/\/www.uninter.com\/radio\/wp-json\/wp\/v2\/types\/post"}],"author":[{"embeddable":true,"href":"https:\/\/www.uninter.com\/radio\/wp-json\/wp\/v2\/users\/3"}],"replies":[{"embeddable":true,"href":"https:\/\/www.uninter.com\/radio\/wp-json\/wp\/v2\/comments?post=35832"}],"version-history":[{"count":1,"href":"https:\/\/www.uninter.com\/radio\/wp-json\/wp\/v2\/posts\/35832\/revisions"}],"predecessor-version":[{"id":35834,"href":"https:\/\/www.uninter.com\/radio\/wp-json\/wp\/v2\/posts\/35832\/revisions\/35834"}],"wp:featuredmedia":[{"embeddable":true,"href":"https:\/\/www.uninter.com\/radio\/wp-json\/wp\/v2\/media\/34178"}],"wp:attachment":[{"href":"https:\/\/www.uninter.com\/radio\/wp-json\/wp\/v2\/media?parent=35832"}],"wp:term":[{"taxonomy":"category","embeddable":true,"href":"https:\/\/www.uninter.com\/radio\/wp-json\/wp\/v2\/categories?post=35832"},{"taxonomy":"post_tag","embeddable":true,"href":"https:\/\/www.uninter.com\/radio\/wp-json\/wp\/v2\/tags?post=35832"}],"curies":[{"name":"wp","href":"https:\/\/api.w.org\/{rel}","templated":true}]}}