{"id":35814,"date":"2023-09-13T13:34:59","date_gmt":"2023-09-13T16:34:59","guid":{"rendered":"https:\/\/www.uninter.com\/radio\/?p=35814"},"modified":"2023-09-13T13:34:59","modified_gmt":"2023-09-13T16:34:59","slug":"segredos-da-arquitetura-e-do-design-territorialidade-para-geracoes-emergentes-no-pos-pandemia","status":"publish","type":"post","link":"https:\/\/www.uninter.com\/radio\/segredos-da-arquitetura-e-do-design-territorialidade-para-geracoes-emergentes-no-pos-pandemia","title":{"rendered":"Segredos da Arquitetura e do Design | Territorialidade para gera\u00e7\u00f5es emergentes no p\u00f3s-pandemia"},"content":{"rendered":"\n<figure class=\"wp-block-audio\"><audio controls src=\"https:\/\/www.uninter.com\/radio\/wp-content\/uploads\/2023\/09\/segredos-da-arquitetura-28-08-2023.mp3\"><\/audio><\/figure>\n\n\n\n<p>Nesta semana no Segredos da Arquitetura e do Design vamos falar sobre os Ambientes de Trabalho: Territorialidade para Gera\u00e7\u00f5es Emergentes no P\u00f3s-Pandemia. Nossa convidada especial para tratar deste tema \u00e9 a Luize Bussi, Arquiteta e Urbanista, Especialista em Projeto, Mestra em Arquitetura, Doutoranda, Palestrante, Professora convidada em cursos de p\u00f3s-gradua\u00e7\u00e3o. A apresentadora ser\u00e1 a Professora Andressa Mu\u00f1oz, Arquiteta e Urbanista e Coordenadora dos cursos de p\u00f3s-gradua\u00e7\u00e3o em Arquitetura e Design na Uninter.<\/p>\n","protected":false},"excerpt":{"rendered":"<p>Nesta semana no Segredos da Arquitetura e do Design vamos falar sobre os Ambientes de&#8230;<\/p>\n","protected":false},"author":3,"featured_media":35326,"comment_status":"open","ping_status":"open","sticky":false,"template":"","format":"standard","meta":[],"categories":[2709],"tags":[],"_links":{"self":[{"href":"https:\/\/www.uninter.com\/radio\/wp-json\/wp\/v2\/posts\/35814"}],"collection":[{"href":"https:\/\/www.uninter.com\/radio\/wp-json\/wp\/v2\/posts"}],"about":[{"href":"https:\/\/www.uninter.com\/radio\/wp-json\/wp\/v2\/types\/post"}],"author":[{"embeddable":true,"href":"https:\/\/www.uninter.com\/radio\/wp-json\/wp\/v2\/users\/3"}],"replies":[{"embeddable":true,"href":"https:\/\/www.uninter.com\/radio\/wp-json\/wp\/v2\/comments?post=35814"}],"version-history":[{"count":1,"href":"https:\/\/www.uninter.com\/radio\/wp-json\/wp\/v2\/posts\/35814\/revisions"}],"predecessor-version":[{"id":35816,"href":"https:\/\/www.uninter.com\/radio\/wp-json\/wp\/v2\/posts\/35814\/revisions\/35816"}],"wp:featuredmedia":[{"embeddable":true,"href":"https:\/\/www.uninter.com\/radio\/wp-json\/wp\/v2\/media\/35326"}],"wp:attachment":[{"href":"https:\/\/www.uninter.com\/radio\/wp-json\/wp\/v2\/media?parent=35814"}],"wp:term":[{"taxonomy":"category","embeddable":true,"href":"https:\/\/www.uninter.com\/radio\/wp-json\/wp\/v2\/categories?post=35814"},{"taxonomy":"post_tag","embeddable":true,"href":"https:\/\/www.uninter.com\/radio\/wp-json\/wp\/v2\/tags?post=35814"}],"curies":[{"name":"wp","href":"https:\/\/api.w.org\/{rel}","templated":true}]}}