{"id":35811,"date":"2023-09-13T13:31:48","date_gmt":"2023-09-13T16:31:48","guid":{"rendered":"https:\/\/www.uninter.com\/radio\/?p=35811"},"modified":"2023-09-13T13:31:49","modified_gmt":"2023-09-13T16:31:49","slug":"talento-em-foco-o-poder-da-memoria","status":"publish","type":"post","link":"https:\/\/www.uninter.com\/radio\/talento-em-foco-o-poder-da-memoria","title":{"rendered":"Talento em Foco | O poder da mem\u00f3ria"},"content":{"rendered":"\n<figure class=\"wp-block-audio\"><audio controls src=\"https:\/\/www.uninter.com\/radio\/wp-content\/uploads\/2023\/09\/talento-em-foco-28-08-2023.mp3\"><\/audio><\/figure>\n\n\n\n<p>Hoje o talento em Foco mostra para voc\u00ea tudo que a mem\u00f3ria \u00e9 capaz! Para a conversa, Barbara Carvalho e Erika Lotz recebem Vanessa Kupczik, design com dom\u00ednio nas \u00e1reas de Design de Informa\u00e7\u00e3o, Design Centrado no Usu\u00e1rio, UX, Design de Experi\u00eancia, Design de Servi\u00e7os.<\/p>\n","protected":false},"excerpt":{"rendered":"<p>Hoje o talento em Foco mostra para voc\u00ea tudo que a mem\u00f3ria \u00e9 capaz! Para&#8230;<\/p>\n","protected":false},"author":3,"featured_media":31128,"comment_status":"open","ping_status":"open","sticky":false,"template":"","format":"standard","meta":[],"categories":[2723],"tags":[],"_links":{"self":[{"href":"https:\/\/www.uninter.com\/radio\/wp-json\/wp\/v2\/posts\/35811"}],"collection":[{"href":"https:\/\/www.uninter.com\/radio\/wp-json\/wp\/v2\/posts"}],"about":[{"href":"https:\/\/www.uninter.com\/radio\/wp-json\/wp\/v2\/types\/post"}],"author":[{"embeddable":true,"href":"https:\/\/www.uninter.com\/radio\/wp-json\/wp\/v2\/users\/3"}],"replies":[{"embeddable":true,"href":"https:\/\/www.uninter.com\/radio\/wp-json\/wp\/v2\/comments?post=35811"}],"version-history":[{"count":1,"href":"https:\/\/www.uninter.com\/radio\/wp-json\/wp\/v2\/posts\/35811\/revisions"}],"predecessor-version":[{"id":35813,"href":"https:\/\/www.uninter.com\/radio\/wp-json\/wp\/v2\/posts\/35811\/revisions\/35813"}],"wp:featuredmedia":[{"embeddable":true,"href":"https:\/\/www.uninter.com\/radio\/wp-json\/wp\/v2\/media\/31128"}],"wp:attachment":[{"href":"https:\/\/www.uninter.com\/radio\/wp-json\/wp\/v2\/media?parent=35811"}],"wp:term":[{"taxonomy":"category","embeddable":true,"href":"https:\/\/www.uninter.com\/radio\/wp-json\/wp\/v2\/categories?post=35811"},{"taxonomy":"post_tag","embeddable":true,"href":"https:\/\/www.uninter.com\/radio\/wp-json\/wp\/v2\/tags?post=35811"}],"curies":[{"name":"wp","href":"https:\/\/api.w.org\/{rel}","templated":true}]}}