{"id":35805,"date":"2023-09-11T15:26:36","date_gmt":"2023-09-11T18:26:36","guid":{"rendered":"https:\/\/www.uninter.com\/radio\/?p=35805"},"modified":"2023-09-11T15:26:37","modified_gmt":"2023-09-11T18:26:37","slug":"transito-e-mobilidade-transtorno-do-espectro-autista-e-o-transito","status":"publish","type":"post","link":"https:\/\/www.uninter.com\/radio\/transito-e-mobilidade-transtorno-do-espectro-autista-e-o-transito","title":{"rendered":"Tr\u00e2nsito e Mobilidade | Transtorno do Espectro Autista e o tr\u00e2nsito"},"content":{"rendered":"\n<figure class=\"wp-block-audio\"><audio controls src=\"https:\/\/www.uninter.com\/radio\/wp-content\/uploads\/2023\/09\/transito-e-mobilidade-25-08-2023.mp3\"><\/audio><\/figure>\n\n\n\n<p><strong>Qual o impacto do Transtorno do Espectro Autista (TEA) no contexto do tr\u00e2nsito? O Tr\u00e2nsito e Mobilidade desta semana apresenta como indiv\u00edduos com TEA e suas fam\u00edlias podem enfrentar os desafios do tr\u00e2nsito de forma segura e confiante. Os professores Gerson Buczenko e Valdilson Lopes recebem L\u00facio Machado (advogado especialista em tr\u00e2nsito) e Adriana Barufaldi (coordenadora pedag\u00f3gica da IbacBrasil) para a conversa.<\/strong><\/p>\n","protected":false},"excerpt":{"rendered":"<p>Qual o impacto do Transtorno do Espectro Autista (TEA) no contexto do tr\u00e2nsito? O Tr\u00e2nsito&#8230;<\/p>\n","protected":false},"author":3,"featured_media":33729,"comment_status":"open","ping_status":"open","sticky":false,"template":"","format":"standard","meta":[],"categories":[2718],"tags":[],"_links":{"self":[{"href":"https:\/\/www.uninter.com\/radio\/wp-json\/wp\/v2\/posts\/35805"}],"collection":[{"href":"https:\/\/www.uninter.com\/radio\/wp-json\/wp\/v2\/posts"}],"about":[{"href":"https:\/\/www.uninter.com\/radio\/wp-json\/wp\/v2\/types\/post"}],"author":[{"embeddable":true,"href":"https:\/\/www.uninter.com\/radio\/wp-json\/wp\/v2\/users\/3"}],"replies":[{"embeddable":true,"href":"https:\/\/www.uninter.com\/radio\/wp-json\/wp\/v2\/comments?post=35805"}],"version-history":[{"count":1,"href":"https:\/\/www.uninter.com\/radio\/wp-json\/wp\/v2\/posts\/35805\/revisions"}],"predecessor-version":[{"id":35807,"href":"https:\/\/www.uninter.com\/radio\/wp-json\/wp\/v2\/posts\/35805\/revisions\/35807"}],"wp:featuredmedia":[{"embeddable":true,"href":"https:\/\/www.uninter.com\/radio\/wp-json\/wp\/v2\/media\/33729"}],"wp:attachment":[{"href":"https:\/\/www.uninter.com\/radio\/wp-json\/wp\/v2\/media?parent=35805"}],"wp:term":[{"taxonomy":"category","embeddable":true,"href":"https:\/\/www.uninter.com\/radio\/wp-json\/wp\/v2\/categories?post=35805"},{"taxonomy":"post_tag","embeddable":true,"href":"https:\/\/www.uninter.com\/radio\/wp-json\/wp\/v2\/tags?post=35805"}],"curies":[{"name":"wp","href":"https:\/\/api.w.org\/{rel}","templated":true}]}}