{"id":35798,"date":"2023-09-11T15:24:10","date_gmt":"2023-09-11T18:24:10","guid":{"rendered":"https:\/\/www.uninter.com\/radio\/?p=35798"},"modified":"2023-09-11T15:24:11","modified_gmt":"2023-09-11T18:24:11","slug":"atuando-na-politica-cotas-de-genero-nas-eleicoes","status":"publish","type":"post","link":"https:\/\/www.uninter.com\/radio\/atuando-na-politica-cotas-de-genero-nas-eleicoes","title":{"rendered":"Atuando na Pol\u00edtica | Cotas de G\u00eanero nas Elei\u00e7\u00f5es"},"content":{"rendered":"\n<figure class=\"wp-block-audio\"><audio controls src=\"https:\/\/www.uninter.com\/radio\/wp-content\/uploads\/2023\/09\/atuando-na-politica-25-08-2023.mp3\"><\/audio><\/figure>\n\n\n\n<p><strong>Ao estabelecer uma porcentagem m\u00ednima de candidaturas femininas, as cotas de g\u00eanero nas elei\u00e7\u00f5es buscam reduzir a sub-representa\u00e7\u00e3o hist\u00f3rica das mulheres nos cargos eletivos. A medida \u00e9 objetiva uma representa\u00e7\u00e3o mais justa e equitativa dos interesses da sociedade como um todo. As cotas de g\u00eanero t\u00eam o potencial de fortalecer a democracia, tornando-a mais inclusiva e diversificada, proporcionando voz e espa\u00e7o para as mulheres contribu\u00edrem de forma significativa nas decis\u00f5es que moldam o futuro do pa\u00eds. Os professores Lucas Massimo e Karolina Roeder comentam sobre o dispositivo na legisla\u00e7\u00e3o e pol\u00edtica brasileira.<\/strong><\/p>\n","protected":false},"excerpt":{"rendered":"<p>Ao estabelecer uma porcentagem m\u00ednima de candidaturas femininas, as cotas de g\u00eanero nas elei\u00e7\u00f5es buscam&#8230;<\/p>\n","protected":false},"author":3,"featured_media":35028,"comment_status":"open","ping_status":"open","sticky":false,"template":"","format":"standard","meta":[],"categories":[2847],"tags":[],"_links":{"self":[{"href":"https:\/\/www.uninter.com\/radio\/wp-json\/wp\/v2\/posts\/35798"}],"collection":[{"href":"https:\/\/www.uninter.com\/radio\/wp-json\/wp\/v2\/posts"}],"about":[{"href":"https:\/\/www.uninter.com\/radio\/wp-json\/wp\/v2\/types\/post"}],"author":[{"embeddable":true,"href":"https:\/\/www.uninter.com\/radio\/wp-json\/wp\/v2\/users\/3"}],"replies":[{"embeddable":true,"href":"https:\/\/www.uninter.com\/radio\/wp-json\/wp\/v2\/comments?post=35798"}],"version-history":[{"count":1,"href":"https:\/\/www.uninter.com\/radio\/wp-json\/wp\/v2\/posts\/35798\/revisions"}],"predecessor-version":[{"id":35801,"href":"https:\/\/www.uninter.com\/radio\/wp-json\/wp\/v2\/posts\/35798\/revisions\/35801"}],"wp:featuredmedia":[{"embeddable":true,"href":"https:\/\/www.uninter.com\/radio\/wp-json\/wp\/v2\/media\/35028"}],"wp:attachment":[{"href":"https:\/\/www.uninter.com\/radio\/wp-json\/wp\/v2\/media?parent=35798"}],"wp:term":[{"taxonomy":"category","embeddable":true,"href":"https:\/\/www.uninter.com\/radio\/wp-json\/wp\/v2\/categories?post=35798"},{"taxonomy":"post_tag","embeddable":true,"href":"https:\/\/www.uninter.com\/radio\/wp-json\/wp\/v2\/tags?post=35798"}],"curies":[{"name":"wp","href":"https:\/\/api.w.org\/{rel}","templated":true}]}}