{"id":35793,"date":"2023-09-11T14:54:50","date_gmt":"2023-09-11T17:54:50","guid":{"rendered":"https:\/\/www.uninter.com\/radio\/?p=35793"},"modified":"2023-09-11T14:54:51","modified_gmt":"2023-09-11T17:54:51","slug":"chave-interdisciplinar-a-educacao-continuada-de-adultos","status":"publish","type":"post","link":"https:\/\/www.uninter.com\/radio\/chave-interdisciplinar-a-educacao-continuada-de-adultos","title":{"rendered":"Chave Interdisciplinar | A educa\u00e7\u00e3o continuada de adultos"},"content":{"rendered":"\n<figure class=\"wp-block-audio\"><audio controls src=\"https:\/\/www.uninter.com\/radio\/wp-content\/uploads\/2023\/09\/chave-24-08-2023.mp3\"><\/audio><\/figure>\n\n\n\n<p>Nesta semana o programa Chave Interdisciplinar debate sobre o papel da forma\u00e7\u00e3o continuada para o desenvolvimento pessoal e profissional, enfatizando a atualiza\u00e7\u00e3o e a aquisi\u00e7\u00e3o de novos conhecimentos com o objetivo de acompanhar as constantes mudan\u00e7as. Para a conversa contamos com a presen\u00e7a das professoras Marjorie Wilt Pereira e Kellin Cristina Melchior Inoc\u00eancio.<\/p>\n","protected":false},"excerpt":{"rendered":"<p>Nesta semana o programa Chave Interdisciplinar debate sobre o papel da forma\u00e7\u00e3o continuada para o&#8230;<\/p>\n","protected":false},"author":3,"featured_media":33668,"comment_status":"open","ping_status":"open","sticky":false,"template":"","format":"standard","meta":[],"categories":[2735],"tags":[],"_links":{"self":[{"href":"https:\/\/www.uninter.com\/radio\/wp-json\/wp\/v2\/posts\/35793"}],"collection":[{"href":"https:\/\/www.uninter.com\/radio\/wp-json\/wp\/v2\/posts"}],"about":[{"href":"https:\/\/www.uninter.com\/radio\/wp-json\/wp\/v2\/types\/post"}],"author":[{"embeddable":true,"href":"https:\/\/www.uninter.com\/radio\/wp-json\/wp\/v2\/users\/3"}],"replies":[{"embeddable":true,"href":"https:\/\/www.uninter.com\/radio\/wp-json\/wp\/v2\/comments?post=35793"}],"version-history":[{"count":1,"href":"https:\/\/www.uninter.com\/radio\/wp-json\/wp\/v2\/posts\/35793\/revisions"}],"predecessor-version":[{"id":35795,"href":"https:\/\/www.uninter.com\/radio\/wp-json\/wp\/v2\/posts\/35793\/revisions\/35795"}],"wp:featuredmedia":[{"embeddable":true,"href":"https:\/\/www.uninter.com\/radio\/wp-json\/wp\/v2\/media\/33668"}],"wp:attachment":[{"href":"https:\/\/www.uninter.com\/radio\/wp-json\/wp\/v2\/media?parent=35793"}],"wp:term":[{"taxonomy":"category","embeddable":true,"href":"https:\/\/www.uninter.com\/radio\/wp-json\/wp\/v2\/categories?post=35793"},{"taxonomy":"post_tag","embeddable":true,"href":"https:\/\/www.uninter.com\/radio\/wp-json\/wp\/v2\/tags?post=35793"}],"curies":[{"name":"wp","href":"https:\/\/api.w.org\/{rel}","templated":true}]}}