{"id":35774,"date":"2023-08-30T15:18:29","date_gmt":"2023-08-30T18:18:29","guid":{"rendered":"https:\/\/www.uninter.com\/radio\/?p=35774"},"modified":"2023-08-30T15:18:30","modified_gmt":"2023-08-30T18:18:30","slug":"inclusao-em-rede-surdos-indigenas-e-linguas-de-sinais","status":"publish","type":"post","link":"https:\/\/www.uninter.com\/radio\/inclusao-em-rede-surdos-indigenas-e-linguas-de-sinais","title":{"rendered":"Inclus\u00e3o em Rede | Surdos ind\u00edgenas e l\u00ednguas de sinais"},"content":{"rendered":"\n<figure class=\"wp-block-audio\"><audio controls src=\"https:\/\/www.uninter.com\/radio\/wp-content\/uploads\/2023\/08\/inclusao-em-rede-16-08-2023.mp3\"><\/audio><\/figure>\n\n\n\n<p>Nesta semana o Inclus\u00e3o em Rede traz uma entrevista com um \u00edcone no \u00e2mbito da surdez e l\u00ednguas de sinais ind\u00edgenas, a linguista surda Shirley Vilhalva, da UFMS. A apresenta\u00e7\u00e3o \u00e9 de Leomar Marchesini.<\/p>\n","protected":false},"excerpt":{"rendered":"<p>Nesta semana o Inclus\u00e3o em Rede traz uma entrevista com um \u00edcone no \u00e2mbito da&#8230;<\/p>\n","protected":false},"author":3,"featured_media":33698,"comment_status":"open","ping_status":"open","sticky":false,"template":"","format":"standard","meta":[],"categories":[2727],"tags":[],"_links":{"self":[{"href":"https:\/\/www.uninter.com\/radio\/wp-json\/wp\/v2\/posts\/35774"}],"collection":[{"href":"https:\/\/www.uninter.com\/radio\/wp-json\/wp\/v2\/posts"}],"about":[{"href":"https:\/\/www.uninter.com\/radio\/wp-json\/wp\/v2\/types\/post"}],"author":[{"embeddable":true,"href":"https:\/\/www.uninter.com\/radio\/wp-json\/wp\/v2\/users\/3"}],"replies":[{"embeddable":true,"href":"https:\/\/www.uninter.com\/radio\/wp-json\/wp\/v2\/comments?post=35774"}],"version-history":[{"count":1,"href":"https:\/\/www.uninter.com\/radio\/wp-json\/wp\/v2\/posts\/35774\/revisions"}],"predecessor-version":[{"id":35776,"href":"https:\/\/www.uninter.com\/radio\/wp-json\/wp\/v2\/posts\/35774\/revisions\/35776"}],"wp:featuredmedia":[{"embeddable":true,"href":"https:\/\/www.uninter.com\/radio\/wp-json\/wp\/v2\/media\/33698"}],"wp:attachment":[{"href":"https:\/\/www.uninter.com\/radio\/wp-json\/wp\/v2\/media?parent=35774"}],"wp:term":[{"taxonomy":"category","embeddable":true,"href":"https:\/\/www.uninter.com\/radio\/wp-json\/wp\/v2\/categories?post=35774"},{"taxonomy":"post_tag","embeddable":true,"href":"https:\/\/www.uninter.com\/radio\/wp-json\/wp\/v2\/tags?post=35774"}],"curies":[{"name":"wp","href":"https:\/\/api.w.org\/{rel}","templated":true}]}}