{"id":35753,"date":"2023-08-30T14:45:46","date_gmt":"2023-08-30T17:45:46","guid":{"rendered":"https:\/\/www.uninter.com\/radio\/?p=35753"},"modified":"2023-08-30T14:45:47","modified_gmt":"2023-08-30T17:45:47","slug":"papo-castico-como-eu-era-antes-do-papo-castico","status":"publish","type":"post","link":"https:\/\/www.uninter.com\/radio\/papo-castico-como-eu-era-antes-do-papo-castico","title":{"rendered":"Papo Casti\u00e7o | Como eu era antes do Papo Casti\u00e7o"},"content":{"rendered":"\n<figure class=\"wp-block-audio\"><audio controls src=\"https:\/\/www.uninter.com\/radio\/wp-content\/uploads\/2023\/08\/papo-castico-16-08-2023.mp3\"><\/audio><\/figure>\n\n\n\n<p>A primeira temporada do Papo Casti\u00e7o foi recheada de informa\u00e7\u00f5es, cultura, cases de sucesso e hist\u00f3rias de supera\u00e7\u00e3o do povo preto. Por aqui passaram personalidades, profissionais e especialistas de muita representatividade. Neste epis\u00f3dio a apresentadora Sandy Lylia da Silva passa para o lugar de entrevistada e conta toda sua jornada at\u00e9 chegar ao jornalismo e comandar o Papo Casti\u00e7o. Na sua despedida do programa, Joice Diaz, coordenadora dos cursos de p\u00f3s-gradua\u00e7\u00e3o da Uninter, assume o comando e ambas seguem em um papo divertido e cheio de emo\u00e7\u00e3o. Acompanhe!<\/p>\n","protected":false},"excerpt":{"rendered":"<p>A primeira temporada do Papo Casti\u00e7o foi recheada de informa\u00e7\u00f5es, cultura, cases de sucesso e&#8230;<\/p>\n","protected":false},"author":3,"featured_media":34252,"comment_status":"open","ping_status":"open","sticky":false,"template":"","format":"standard","meta":[],"categories":[2841],"tags":[],"_links":{"self":[{"href":"https:\/\/www.uninter.com\/radio\/wp-json\/wp\/v2\/posts\/35753"}],"collection":[{"href":"https:\/\/www.uninter.com\/radio\/wp-json\/wp\/v2\/posts"}],"about":[{"href":"https:\/\/www.uninter.com\/radio\/wp-json\/wp\/v2\/types\/post"}],"author":[{"embeddable":true,"href":"https:\/\/www.uninter.com\/radio\/wp-json\/wp\/v2\/users\/3"}],"replies":[{"embeddable":true,"href":"https:\/\/www.uninter.com\/radio\/wp-json\/wp\/v2\/comments?post=35753"}],"version-history":[{"count":1,"href":"https:\/\/www.uninter.com\/radio\/wp-json\/wp\/v2\/posts\/35753\/revisions"}],"predecessor-version":[{"id":35755,"href":"https:\/\/www.uninter.com\/radio\/wp-json\/wp\/v2\/posts\/35753\/revisions\/35755"}],"wp:featuredmedia":[{"embeddable":true,"href":"https:\/\/www.uninter.com\/radio\/wp-json\/wp\/v2\/media\/34252"}],"wp:attachment":[{"href":"https:\/\/www.uninter.com\/radio\/wp-json\/wp\/v2\/media?parent=35753"}],"wp:term":[{"taxonomy":"category","embeddable":true,"href":"https:\/\/www.uninter.com\/radio\/wp-json\/wp\/v2\/categories?post=35753"},{"taxonomy":"post_tag","embeddable":true,"href":"https:\/\/www.uninter.com\/radio\/wp-json\/wp\/v2\/tags?post=35753"}],"curies":[{"name":"wp","href":"https:\/\/api.w.org\/{rel}","templated":true}]}}