{"id":35744,"date":"2023-08-30T14:33:26","date_gmt":"2023-08-30T17:33:26","guid":{"rendered":"https:\/\/www.uninter.com\/radio\/?p=35744"},"modified":"2023-08-30T14:33:27","modified_gmt":"2023-08-30T17:33:27","slug":"talento-em-foco-o-exercicio-do-poder-nas-funcoes-corporativas-x-proposito-de-vida","status":"publish","type":"post","link":"https:\/\/www.uninter.com\/radio\/talento-em-foco-o-exercicio-do-poder-nas-funcoes-corporativas-x-proposito-de-vida","title":{"rendered":"Talento em Foco | O exerc\u00edcio do poder nas fun\u00e7\u00f5es corporativas x prop\u00f3sito de vida"},"content":{"rendered":"\n<figure class=\"wp-block-audio\"><audio controls src=\"https:\/\/www.uninter.com\/radio\/wp-content\/uploads\/2023\/08\/talento-em-foco-14-08-2023.mp3\"><\/audio><\/figure>\n\n\n\n<p>Nesta edi\u00e7\u00e3o o Talento em Foco promove uma reflex\u00e3o sobre a rela\u00e7\u00e3o de trabalho com a vida pessoal. Para a conversa, Evandro Tosin recebe a coach Darlene Coelho. Acompanhe.<\/p>\n","protected":false},"excerpt":{"rendered":"<p>Nesta edi\u00e7\u00e3o o Talento em Foco promove uma reflex\u00e3o sobre a rela\u00e7\u00e3o de trabalho com&#8230;<\/p>\n","protected":false},"author":3,"featured_media":31128,"comment_status":"open","ping_status":"open","sticky":false,"template":"","format":"standard","meta":[],"categories":[2723],"tags":[],"_links":{"self":[{"href":"https:\/\/www.uninter.com\/radio\/wp-json\/wp\/v2\/posts\/35744"}],"collection":[{"href":"https:\/\/www.uninter.com\/radio\/wp-json\/wp\/v2\/posts"}],"about":[{"href":"https:\/\/www.uninter.com\/radio\/wp-json\/wp\/v2\/types\/post"}],"author":[{"embeddable":true,"href":"https:\/\/www.uninter.com\/radio\/wp-json\/wp\/v2\/users\/3"}],"replies":[{"embeddable":true,"href":"https:\/\/www.uninter.com\/radio\/wp-json\/wp\/v2\/comments?post=35744"}],"version-history":[{"count":1,"href":"https:\/\/www.uninter.com\/radio\/wp-json\/wp\/v2\/posts\/35744\/revisions"}],"predecessor-version":[{"id":35746,"href":"https:\/\/www.uninter.com\/radio\/wp-json\/wp\/v2\/posts\/35744\/revisions\/35746"}],"wp:featuredmedia":[{"embeddable":true,"href":"https:\/\/www.uninter.com\/radio\/wp-json\/wp\/v2\/media\/31128"}],"wp:attachment":[{"href":"https:\/\/www.uninter.com\/radio\/wp-json\/wp\/v2\/media?parent=35744"}],"wp:term":[{"taxonomy":"category","embeddable":true,"href":"https:\/\/www.uninter.com\/radio\/wp-json\/wp\/v2\/categories?post=35744"},{"taxonomy":"post_tag","embeddable":true,"href":"https:\/\/www.uninter.com\/radio\/wp-json\/wp\/v2\/tags?post=35744"}],"curies":[{"name":"wp","href":"https:\/\/api.w.org\/{rel}","templated":true}]}}