{"id":35737,"date":"2023-08-18T15:29:09","date_gmt":"2023-08-18T18:29:09","guid":{"rendered":"https:\/\/www.uninter.com\/radio\/?p=35737"},"modified":"2023-08-18T15:29:10","modified_gmt":"2023-08-18T18:29:10","slug":"inclusao-em-rede-o-primeiro-casal-de-surdocegos-da-america-latina","status":"publish","type":"post","link":"https:\/\/www.uninter.com\/radio\/inclusao-em-rede-o-primeiro-casal-de-surdocegos-da-america-latina","title":{"rendered":"Inclus\u00e3o em Rede | O primeiro casal de surdocegos da Am\u00e9rica Latina"},"content":{"rendered":"\n<figure class=\"wp-block-audio\"><audio controls src=\"blob:https:\/\/www.uninter.com\/d109800f-d7b3-4bf0-a203-b93180b3822c\"><\/audio><\/figure>\n\n\n\n<p>Nesta semana o programa Inclus\u00e3o em Rede apresenta uma conversa com Cl\u00e1udia Sofia Pereira e Carlos Jorge Rodrigues, o primeiro casal de surdocegos da Am\u00e9rica Latina. A apresenta\u00e7\u00e3o do programa \u00e9 de Leomar Marchesini, coordenadora do SIANEE. Obs: devido as necessidades especiais dos convidados, esta edi\u00e7\u00e3o do Inclus\u00e3o em Rede possui caracter\u00edsticas especiais, como a quantidade e mudan\u00e7a dos int\u00e9rpretes na grava\u00e7\u00e3o, vozes de apoio e uso do tadoma, m\u00e9todo de comunica\u00e7\u00e3o utilizado pelos surdocegos.<\/p>\n","protected":false},"excerpt":{"rendered":"<p>Nesta semana o programa Inclus\u00e3o em Rede apresenta uma conversa com Cl\u00e1udia Sofia Pereira e&#8230;<\/p>\n","protected":false},"author":3,"featured_media":33698,"comment_status":"open","ping_status":"open","sticky":false,"template":"","format":"standard","meta":[],"categories":[2727],"tags":[],"_links":{"self":[{"href":"https:\/\/www.uninter.com\/radio\/wp-json\/wp\/v2\/posts\/35737"}],"collection":[{"href":"https:\/\/www.uninter.com\/radio\/wp-json\/wp\/v2\/posts"}],"about":[{"href":"https:\/\/www.uninter.com\/radio\/wp-json\/wp\/v2\/types\/post"}],"author":[{"embeddable":true,"href":"https:\/\/www.uninter.com\/radio\/wp-json\/wp\/v2\/users\/3"}],"replies":[{"embeddable":true,"href":"https:\/\/www.uninter.com\/radio\/wp-json\/wp\/v2\/comments?post=35737"}],"version-history":[{"count":1,"href":"https:\/\/www.uninter.com\/radio\/wp-json\/wp\/v2\/posts\/35737\/revisions"}],"predecessor-version":[{"id":35738,"href":"https:\/\/www.uninter.com\/radio\/wp-json\/wp\/v2\/posts\/35737\/revisions\/35738"}],"wp:featuredmedia":[{"embeddable":true,"href":"https:\/\/www.uninter.com\/radio\/wp-json\/wp\/v2\/media\/33698"}],"wp:attachment":[{"href":"https:\/\/www.uninter.com\/radio\/wp-json\/wp\/v2\/media?parent=35737"}],"wp:term":[{"taxonomy":"category","embeddable":true,"href":"https:\/\/www.uninter.com\/radio\/wp-json\/wp\/v2\/categories?post=35737"},{"taxonomy":"post_tag","embeddable":true,"href":"https:\/\/www.uninter.com\/radio\/wp-json\/wp\/v2\/tags?post=35737"}],"curies":[{"name":"wp","href":"https:\/\/api.w.org\/{rel}","templated":true}]}}