{"id":35731,"date":"2023-08-18T15:22:35","date_gmt":"2023-08-18T18:22:35","guid":{"rendered":"https:\/\/www.uninter.com\/radio\/?p=35731"},"modified":"2023-08-18T15:22:36","modified_gmt":"2023-08-18T18:22:36","slug":"transito-e-mobilidade-gestao-de-projetos","status":"publish","type":"post","link":"https:\/\/www.uninter.com\/radio\/transito-e-mobilidade-gestao-de-projetos","title":{"rendered":"Tr\u00e2nsito e Mobilidade | Gest\u00e3o de projetos"},"content":{"rendered":"\n<figure class=\"wp-block-audio\"><audio controls src=\"https:\/\/www.uninter.com\/radio\/wp-content\/uploads\/2023\/08\/transito-e-mobilidade-11-08-2023.mp3\"><\/audio><\/figure>\n\n\n\n<p>Com a gest\u00e3o de projetos \u00e9 poss\u00edvel aplicarmos habilidades, t\u00e9cnicas e conhecimentos a fim de obter o sucesso de algum projeto. No Tr\u00e2nsito e Mobilidade dessa semana vamos conversar sobre como essa gest\u00e3o de aplica no tr\u00e2nsito, e para a conversa, Gerson Buczenko e Valdilson Lopes recebem Claudecir Bianco, MBA em Planejamento e Gest\u00e3o Estrat\u00e9gica.<\/p>\n","protected":false},"excerpt":{"rendered":"<p>Com a gest\u00e3o de projetos \u00e9 poss\u00edvel aplicarmos habilidades, t\u00e9cnicas e conhecimentos a fim de&#8230;<\/p>\n","protected":false},"author":3,"featured_media":33729,"comment_status":"open","ping_status":"open","sticky":false,"template":"","format":"standard","meta":[],"categories":[2718],"tags":[],"_links":{"self":[{"href":"https:\/\/www.uninter.com\/radio\/wp-json\/wp\/v2\/posts\/35731"}],"collection":[{"href":"https:\/\/www.uninter.com\/radio\/wp-json\/wp\/v2\/posts"}],"about":[{"href":"https:\/\/www.uninter.com\/radio\/wp-json\/wp\/v2\/types\/post"}],"author":[{"embeddable":true,"href":"https:\/\/www.uninter.com\/radio\/wp-json\/wp\/v2\/users\/3"}],"replies":[{"embeddable":true,"href":"https:\/\/www.uninter.com\/radio\/wp-json\/wp\/v2\/comments?post=35731"}],"version-history":[{"count":1,"href":"https:\/\/www.uninter.com\/radio\/wp-json\/wp\/v2\/posts\/35731\/revisions"}],"predecessor-version":[{"id":35733,"href":"https:\/\/www.uninter.com\/radio\/wp-json\/wp\/v2\/posts\/35731\/revisions\/35733"}],"wp:featuredmedia":[{"embeddable":true,"href":"https:\/\/www.uninter.com\/radio\/wp-json\/wp\/v2\/media\/33729"}],"wp:attachment":[{"href":"https:\/\/www.uninter.com\/radio\/wp-json\/wp\/v2\/media?parent=35731"}],"wp:term":[{"taxonomy":"category","embeddable":true,"href":"https:\/\/www.uninter.com\/radio\/wp-json\/wp\/v2\/categories?post=35731"},{"taxonomy":"post_tag","embeddable":true,"href":"https:\/\/www.uninter.com\/radio\/wp-json\/wp\/v2\/tags?post=35731"}],"curies":[{"name":"wp","href":"https:\/\/api.w.org\/{rel}","templated":true}]}}