{"id":35712,"date":"2023-08-18T15:07:41","date_gmt":"2023-08-18T18:07:41","guid":{"rendered":"https:\/\/www.uninter.com\/radio\/?p=35712"},"modified":"2023-08-18T15:07:42","modified_gmt":"2023-08-18T18:07:42","slug":"papo-castico-vestir-e-ressignificar-um-novo-olhar-para-a-historia-negra","status":"publish","type":"post","link":"https:\/\/www.uninter.com\/radio\/papo-castico-vestir-e-ressignificar-um-novo-olhar-para-a-historia-negra","title":{"rendered":"Papo Casti\u00e7o | Vestir e ressignificar: um novo olhar para a hist\u00f3ria negra"},"content":{"rendered":"\n<figure class=\"wp-block-audio\"><audio controls src=\"https:\/\/www.uninter.com\/radio\/wp-content\/uploads\/2023\/08\/papo-castico-09-08-2023.mp3\"><\/audio><\/figure>\n\n\n\n<p>A fotografia revolucionou o modo com que a sociedade observou o mundo, pode ser considerada uma das maiores inven\u00e7\u00f5es da humanidade. Mas voc\u00ea parou pra pensar que os registros de negras escravizadas eram sempre expostas de forma hipersexualizada Como \u00e9 poss\u00edvel mudar isso? Como \u00e9 poss\u00edvel redesenhar essa parte da hist\u00f3ria? Vamos falar sobre isso no Papo Casti\u00e7o dessa semana, e para a conversa, Sandy Lylia da Silva recebe Miriane Figueira, artista visual, fot\u00f3grafa e pesquisadora em Mem\u00f3ria e Negritude.<\/p>\n","protected":false},"excerpt":{"rendered":"<p>A fotografia revolucionou o modo com que a sociedade observou o mundo, pode ser considerada&#8230;<\/p>\n","protected":false},"author":3,"featured_media":34252,"comment_status":"open","ping_status":"open","sticky":false,"template":"","format":"standard","meta":[],"categories":[2841],"tags":[],"_links":{"self":[{"href":"https:\/\/www.uninter.com\/radio\/wp-json\/wp\/v2\/posts\/35712"}],"collection":[{"href":"https:\/\/www.uninter.com\/radio\/wp-json\/wp\/v2\/posts"}],"about":[{"href":"https:\/\/www.uninter.com\/radio\/wp-json\/wp\/v2\/types\/post"}],"author":[{"embeddable":true,"href":"https:\/\/www.uninter.com\/radio\/wp-json\/wp\/v2\/users\/3"}],"replies":[{"embeddable":true,"href":"https:\/\/www.uninter.com\/radio\/wp-json\/wp\/v2\/comments?post=35712"}],"version-history":[{"count":1,"href":"https:\/\/www.uninter.com\/radio\/wp-json\/wp\/v2\/posts\/35712\/revisions"}],"predecessor-version":[{"id":35715,"href":"https:\/\/www.uninter.com\/radio\/wp-json\/wp\/v2\/posts\/35712\/revisions\/35715"}],"wp:featuredmedia":[{"embeddable":true,"href":"https:\/\/www.uninter.com\/radio\/wp-json\/wp\/v2\/media\/34252"}],"wp:attachment":[{"href":"https:\/\/www.uninter.com\/radio\/wp-json\/wp\/v2\/media?parent=35712"}],"wp:term":[{"taxonomy":"category","embeddable":true,"href":"https:\/\/www.uninter.com\/radio\/wp-json\/wp\/v2\/categories?post=35712"},{"taxonomy":"post_tag","embeddable":true,"href":"https:\/\/www.uninter.com\/radio\/wp-json\/wp\/v2\/tags?post=35712"}],"curies":[{"name":"wp","href":"https:\/\/api.w.org\/{rel}","templated":true}]}}