{"id":35704,"date":"2023-08-18T14:59:47","date_gmt":"2023-08-18T17:59:47","guid":{"rendered":"https:\/\/www.uninter.com\/radio\/?p=35704"},"modified":"2023-08-18T14:59:47","modified_gmt":"2023-08-18T17:59:47","slug":"os-coxibes-vacinacao-contra-a-dengue","status":"publish","type":"post","link":"https:\/\/www.uninter.com\/radio\/os-coxibes-vacinacao-contra-a-dengue","title":{"rendered":"Os Coxibes | Vacina\u00e7\u00e3o contra a dengue"},"content":{"rendered":"\n<figure class=\"wp-block-audio\"><audio controls src=\"https:\/\/www.uninter.com\/radio\/wp-content\/uploads\/2023\/08\/os-coxibes-07-08-2023.mp3\"><\/audio><\/figure>\n\n\n\n<p>Em 2023 o Brasil j\u00e1 registrou mais de 1 milh\u00e3o de casos de dengue. Pensando nisso, est\u00e1 em desenvolvimento uma vacina que estima-se estar dispon\u00edvel no SUS daqui a um ano e meio, a fim de minimizar este problema. Vamos falar sobre a vacina\u00e7\u00e3o contra a dengue na edi\u00e7\u00e3o de agosto dos Coxibes, e para a conversa, recebemos os professores Pricila de Souza, Daniel de Christo e Bianca Cristina de Melo.<\/p>\n","protected":false},"excerpt":{"rendered":"<p>Em 2023 o Brasil j\u00e1 registrou mais de 1 milh\u00e3o de casos de dengue. Pensando&#8230;<\/p>\n","protected":false},"author":3,"featured_media":33966,"comment_status":"open","ping_status":"open","sticky":false,"template":"","format":"standard","meta":[],"categories":[2837],"tags":[],"_links":{"self":[{"href":"https:\/\/www.uninter.com\/radio\/wp-json\/wp\/v2\/posts\/35704"}],"collection":[{"href":"https:\/\/www.uninter.com\/radio\/wp-json\/wp\/v2\/posts"}],"about":[{"href":"https:\/\/www.uninter.com\/radio\/wp-json\/wp\/v2\/types\/post"}],"author":[{"embeddable":true,"href":"https:\/\/www.uninter.com\/radio\/wp-json\/wp\/v2\/users\/3"}],"replies":[{"embeddable":true,"href":"https:\/\/www.uninter.com\/radio\/wp-json\/wp\/v2\/comments?post=35704"}],"version-history":[{"count":1,"href":"https:\/\/www.uninter.com\/radio\/wp-json\/wp\/v2\/posts\/35704\/revisions"}],"predecessor-version":[{"id":35706,"href":"https:\/\/www.uninter.com\/radio\/wp-json\/wp\/v2\/posts\/35704\/revisions\/35706"}],"wp:featuredmedia":[{"embeddable":true,"href":"https:\/\/www.uninter.com\/radio\/wp-json\/wp\/v2\/media\/33966"}],"wp:attachment":[{"href":"https:\/\/www.uninter.com\/radio\/wp-json\/wp\/v2\/media?parent=35704"}],"wp:term":[{"taxonomy":"category","embeddable":true,"href":"https:\/\/www.uninter.com\/radio\/wp-json\/wp\/v2\/categories?post=35704"},{"taxonomy":"post_tag","embeddable":true,"href":"https:\/\/www.uninter.com\/radio\/wp-json\/wp\/v2\/tags?post=35704"}],"curies":[{"name":"wp","href":"https:\/\/api.w.org\/{rel}","templated":true}]}}