{"id":35701,"date":"2023-08-18T14:57:35","date_gmt":"2023-08-18T17:57:35","guid":{"rendered":"https:\/\/www.uninter.com\/radio\/?p=35701"},"modified":"2023-08-18T14:57:36","modified_gmt":"2023-08-18T17:57:36","slug":"talento-em-foco-inteligencia-artificial-x-humanos-vou-perder-o-meu-emprego","status":"publish","type":"post","link":"https:\/\/www.uninter.com\/radio\/talento-em-foco-inteligencia-artificial-x-humanos-vou-perder-o-meu-emprego","title":{"rendered":"Talento em Foco | Intelig\u00eancia artificial x humanos: vou perder o meu emprego?"},"content":{"rendered":"\n<figure class=\"wp-block-audio\"><audio controls src=\"https:\/\/www.uninter.com\/radio\/wp-content\/uploads\/2023\/08\/talento-em-foco-07-08-2023.mp3\"><\/audio><\/figure>\n\n\n\n<p>Muito se fala sobre o receio que as pessoas est\u00e3o tendo com o avan\u00e7o das intelig\u00eancias artificiais, mas, ser\u00e1 que ela \u00e9 t\u00e3o perigosa mas para n\u00f3s humanos? O Talento em Foco desta semana busca esclarecer este tema, e para a conversa, Erika Lotz e Evandro Tosin recebem a coach Darlene Coelho.<\/p>\n","protected":false},"excerpt":{"rendered":"<p>Muito se fala sobre o receio que as pessoas est\u00e3o tendo com o avan\u00e7o das&#8230;<\/p>\n","protected":false},"author":3,"featured_media":31128,"comment_status":"open","ping_status":"open","sticky":false,"template":"","format":"standard","meta":[],"categories":[2723],"tags":[],"_links":{"self":[{"href":"https:\/\/www.uninter.com\/radio\/wp-json\/wp\/v2\/posts\/35701"}],"collection":[{"href":"https:\/\/www.uninter.com\/radio\/wp-json\/wp\/v2\/posts"}],"about":[{"href":"https:\/\/www.uninter.com\/radio\/wp-json\/wp\/v2\/types\/post"}],"author":[{"embeddable":true,"href":"https:\/\/www.uninter.com\/radio\/wp-json\/wp\/v2\/users\/3"}],"replies":[{"embeddable":true,"href":"https:\/\/www.uninter.com\/radio\/wp-json\/wp\/v2\/comments?post=35701"}],"version-history":[{"count":1,"href":"https:\/\/www.uninter.com\/radio\/wp-json\/wp\/v2\/posts\/35701\/revisions"}],"predecessor-version":[{"id":35703,"href":"https:\/\/www.uninter.com\/radio\/wp-json\/wp\/v2\/posts\/35701\/revisions\/35703"}],"wp:featuredmedia":[{"embeddable":true,"href":"https:\/\/www.uninter.com\/radio\/wp-json\/wp\/v2\/media\/31128"}],"wp:attachment":[{"href":"https:\/\/www.uninter.com\/radio\/wp-json\/wp\/v2\/media?parent=35701"}],"wp:term":[{"taxonomy":"category","embeddable":true,"href":"https:\/\/www.uninter.com\/radio\/wp-json\/wp\/v2\/categories?post=35701"},{"taxonomy":"post_tag","embeddable":true,"href":"https:\/\/www.uninter.com\/radio\/wp-json\/wp\/v2\/tags?post=35701"}],"curies":[{"name":"wp","href":"https:\/\/api.w.org\/{rel}","templated":true}]}}