{"id":35692,"date":"2023-08-16T11:28:02","date_gmt":"2023-08-16T14:28:02","guid":{"rendered":"https:\/\/www.uninter.com\/radio\/?p=35692"},"modified":"2023-08-16T11:28:02","modified_gmt":"2023-08-16T14:28:02","slug":"conversa-com-o-reitor-uninter-e-intersaberes-lancam-15-livros-para-expandir-o-acesso-ao-direito","status":"publish","type":"post","link":"https:\/\/www.uninter.com\/radio\/conversa-com-o-reitor-uninter-e-intersaberes-lancam-15-livros-para-expandir-o-acesso-ao-direito","title":{"rendered":"Conversa com o Reitor | Uninter e Intersaberes lan\u00e7am 15 livros para expandir o acesso ao Direito"},"content":{"rendered":"\n<figure class=\"wp-block-audio\"><audio controls src=\"https:\/\/www.uninter.com\/radio\/wp-content\/uploads\/2023\/08\/conversa-com-o-reitor-04-08-2023.mp3\"><\/audio><\/figure>\n\n\n\n<p>Quando pesquisadores do Direito e a sociedade se aproximam, cria-se espa\u00e7o para uma conduta cidad\u00e3 cada vez mais ativa. Para promover essa integra\u00e7\u00e3o entre comunidade e academia, no dia 04 de agosto acontece a 1\u00aa edi\u00e7\u00e3o do MeetUp Escola de Direito. O evento, que \u00e9 uma parceria entre a Uninter e a Editora Intersaberes, contar\u00e1 com o lan\u00e7amento de 15 livros escritos a fim de contribuir com o acesso ao Direito, e por isso, o programa Conversa com o Reitor dessa semana fala sobre este tema. Para a conversa, Benhur Gaio recebe a diretora da ESGPPJS D\u00e9bora Veneral, a coordenadora do curso de Direito, Tiemi Saito, e o gerente comercial da Editora Intersaberes, Felipe Bueno.<\/p>\n","protected":false},"excerpt":{"rendered":"<p>Quando pesquisadores do Direito e a sociedade se aproximam, cria-se espa\u00e7o para uma conduta cidad\u00e3&#8230;<\/p>\n","protected":false},"author":3,"featured_media":31088,"comment_status":"open","ping_status":"open","sticky":false,"template":"","format":"standard","meta":[],"categories":[2724],"tags":[],"_links":{"self":[{"href":"https:\/\/www.uninter.com\/radio\/wp-json\/wp\/v2\/posts\/35692"}],"collection":[{"href":"https:\/\/www.uninter.com\/radio\/wp-json\/wp\/v2\/posts"}],"about":[{"href":"https:\/\/www.uninter.com\/radio\/wp-json\/wp\/v2\/types\/post"}],"author":[{"embeddable":true,"href":"https:\/\/www.uninter.com\/radio\/wp-json\/wp\/v2\/users\/3"}],"replies":[{"embeddable":true,"href":"https:\/\/www.uninter.com\/radio\/wp-json\/wp\/v2\/comments?post=35692"}],"version-history":[{"count":1,"href":"https:\/\/www.uninter.com\/radio\/wp-json\/wp\/v2\/posts\/35692\/revisions"}],"predecessor-version":[{"id":35694,"href":"https:\/\/www.uninter.com\/radio\/wp-json\/wp\/v2\/posts\/35692\/revisions\/35694"}],"wp:featuredmedia":[{"embeddable":true,"href":"https:\/\/www.uninter.com\/radio\/wp-json\/wp\/v2\/media\/31088"}],"wp:attachment":[{"href":"https:\/\/www.uninter.com\/radio\/wp-json\/wp\/v2\/media?parent=35692"}],"wp:term":[{"taxonomy":"category","embeddable":true,"href":"https:\/\/www.uninter.com\/radio\/wp-json\/wp\/v2\/categories?post=35692"},{"taxonomy":"post_tag","embeddable":true,"href":"https:\/\/www.uninter.com\/radio\/wp-json\/wp\/v2\/tags?post=35692"}],"curies":[{"name":"wp","href":"https:\/\/api.w.org\/{rel}","templated":true}]}}