{"id":35687,"date":"2023-08-16T11:23:55","date_gmt":"2023-08-16T14:23:55","guid":{"rendered":"https:\/\/www.uninter.com\/radio\/?p=35687"},"modified":"2023-08-16T11:25:12","modified_gmt":"2023-08-16T14:25:12","slug":"35687-2","status":"publish","type":"post","link":"https:\/\/www.uninter.com\/radio\/35687-2","title":{"rendered":"Diversos da P\u00f3s | Agosto Lil\u00e1s: M\u00eas de conscientiza\u00e7\u00e3o pelo fim da viol\u00eancia contra a mulher"},"content":{"rendered":"\n<figure class=\"wp-block-audio\"><audio controls src=\"https:\/\/www.uninter.com\/radio\/wp-content\/uploads\/2023\/08\/diversos-da-pos-02-08-2023.mp3\"><\/audio><\/figure>\n\n\n\n<p>Segundo a Ag\u00eancia Brasil, no Brasil, uma mulher \u00e9 v\u00edtima de viol\u00eancia a cada quatro horas. Os registros de viol\u00eancia contra a mulher subiram 26% nos quatros primeiros meses de 2023. Em 2022 foi sancionada a Lei 14.448, que institui o agosto lil\u00e1s como o m\u00eas de prote\u00e7\u00e3o \u00e0 mulher, para a conscientiza\u00e7\u00e3o da sociedade. A lei estabelece que durante o m\u00eas de agosto a Uni\u00e3o, os estados e os munic\u00edpios dever\u00e3o promover a\u00e7\u00f5es de conscientiza\u00e7\u00e3o e esclarecimento sobre as diferentes formas de viol\u00eancia contra a mulher. Este \u00e9 o tema do Diversos da P\u00f3s desta semana, e para debater o assunto, recebemos as professoras Milena dos Santos, Relly Amaral e Charline Costa.<\/p>\n","protected":false},"excerpt":{"rendered":"<p>Segundo a Ag\u00eancia Brasil, no Brasil, uma mulher \u00e9 v\u00edtima de viol\u00eancia a cada quatro&#8230;<\/p>\n","protected":false},"author":3,"featured_media":34178,"comment_status":"open","ping_status":"open","sticky":false,"template":"","format":"standard","meta":[],"categories":[2704],"tags":[],"_links":{"self":[{"href":"https:\/\/www.uninter.com\/radio\/wp-json\/wp\/v2\/posts\/35687"}],"collection":[{"href":"https:\/\/www.uninter.com\/radio\/wp-json\/wp\/v2\/posts"}],"about":[{"href":"https:\/\/www.uninter.com\/radio\/wp-json\/wp\/v2\/types\/post"}],"author":[{"embeddable":true,"href":"https:\/\/www.uninter.com\/radio\/wp-json\/wp\/v2\/users\/3"}],"replies":[{"embeddable":true,"href":"https:\/\/www.uninter.com\/radio\/wp-json\/wp\/v2\/comments?post=35687"}],"version-history":[{"count":2,"href":"https:\/\/www.uninter.com\/radio\/wp-json\/wp\/v2\/posts\/35687\/revisions"}],"predecessor-version":[{"id":35691,"href":"https:\/\/www.uninter.com\/radio\/wp-json\/wp\/v2\/posts\/35687\/revisions\/35691"}],"wp:featuredmedia":[{"embeddable":true,"href":"https:\/\/www.uninter.com\/radio\/wp-json\/wp\/v2\/media\/34178"}],"wp:attachment":[{"href":"https:\/\/www.uninter.com\/radio\/wp-json\/wp\/v2\/media?parent=35687"}],"wp:term":[{"taxonomy":"category","embeddable":true,"href":"https:\/\/www.uninter.com\/radio\/wp-json\/wp\/v2\/categories?post=35687"},{"taxonomy":"post_tag","embeddable":true,"href":"https:\/\/www.uninter.com\/radio\/wp-json\/wp\/v2\/tags?post=35687"}],"curies":[{"name":"wp","href":"https:\/\/api.w.org\/{rel}","templated":true}]}}