{"id":35684,"date":"2023-08-16T11:13:28","date_gmt":"2023-08-16T14:13:28","guid":{"rendered":"https:\/\/www.uninter.com\/radio\/?p=35684"},"modified":"2023-08-16T11:13:29","modified_gmt":"2023-08-16T14:13:29","slug":"chave-interdisciplinar-imaginarios-e-usos-do-passado","status":"publish","type":"post","link":"https:\/\/www.uninter.com\/radio\/chave-interdisciplinar-imaginarios-e-usos-do-passado","title":{"rendered":"Chave Interdisciplinar | Imagin\u00e1rios e usos do passado"},"content":{"rendered":"\n<figure class=\"wp-block-audio\"><audio controls src=\"https:\/\/www.uninter.com\/radio\/wp-content\/uploads\/2023\/08\/chave-03-08-2023.mp3\"><\/audio><\/figure>\n\n\n\n<p>No Programa Chave Interdisciplinar desta semana com o tema Imagin\u00e1rios e usos do passado, conversaremos sobre a percep\u00e7\u00e3o da constru\u00e7\u00e3o da mem\u00f3ria hist\u00f3rica, e como essa percep\u00e7\u00e3o se materializa no discurso e na escrita, nas formas e nos usos lingu\u00edsticos.<\/p>\n","protected":false},"excerpt":{"rendered":"<p>No Programa Chave Interdisciplinar desta semana com o tema Imagin\u00e1rios e usos do passado, conversaremos&#8230;<\/p>\n","protected":false},"author":3,"featured_media":33668,"comment_status":"open","ping_status":"open","sticky":false,"template":"","format":"standard","meta":[],"categories":[2735],"tags":[],"_links":{"self":[{"href":"https:\/\/www.uninter.com\/radio\/wp-json\/wp\/v2\/posts\/35684"}],"collection":[{"href":"https:\/\/www.uninter.com\/radio\/wp-json\/wp\/v2\/posts"}],"about":[{"href":"https:\/\/www.uninter.com\/radio\/wp-json\/wp\/v2\/types\/post"}],"author":[{"embeddable":true,"href":"https:\/\/www.uninter.com\/radio\/wp-json\/wp\/v2\/users\/3"}],"replies":[{"embeddable":true,"href":"https:\/\/www.uninter.com\/radio\/wp-json\/wp\/v2\/comments?post=35684"}],"version-history":[{"count":1,"href":"https:\/\/www.uninter.com\/radio\/wp-json\/wp\/v2\/posts\/35684\/revisions"}],"predecessor-version":[{"id":35686,"href":"https:\/\/www.uninter.com\/radio\/wp-json\/wp\/v2\/posts\/35684\/revisions\/35686"}],"wp:featuredmedia":[{"embeddable":true,"href":"https:\/\/www.uninter.com\/radio\/wp-json\/wp\/v2\/media\/33668"}],"wp:attachment":[{"href":"https:\/\/www.uninter.com\/radio\/wp-json\/wp\/v2\/media?parent=35684"}],"wp:term":[{"taxonomy":"category","embeddable":true,"href":"https:\/\/www.uninter.com\/radio\/wp-json\/wp\/v2\/categories?post=35684"},{"taxonomy":"post_tag","embeddable":true,"href":"https:\/\/www.uninter.com\/radio\/wp-json\/wp\/v2\/tags?post=35684"}],"curies":[{"name":"wp","href":"https:\/\/api.w.org\/{rel}","templated":true}]}}