{"id":35681,"date":"2023-08-16T11:11:31","date_gmt":"2023-08-16T14:11:31","guid":{"rendered":"https:\/\/www.uninter.com\/radio\/?p=35681"},"modified":"2023-08-16T11:11:32","modified_gmt":"2023-08-16T14:11:32","slug":"atualidades-da-educacao-criancas-e-adolescentes-nas-telas","status":"publish","type":"post","link":"https:\/\/www.uninter.com\/radio\/atualidades-da-educacao-criancas-e-adolescentes-nas-telas","title":{"rendered":"Atualidades da Educa\u00e7\u00e3o | Crian\u00e7as e adolescentes nas telas"},"content":{"rendered":"\n<figure class=\"wp-block-audio\"><audio controls src=\"https:\/\/www.uninter.com\/radio\/wp-content\/uploads\/2023\/08\/atualidades-da-educacao-02-08-2023.mp3\"><\/audio><\/figure>\n\n\n\n<p>O Atualidades da Educa\u00e7\u00e3o continua a conversa sobre o uso de computadores e smartphones por crian\u00e7as e adolescentes. Para o bate-papo, Alvino Moser recebe os professores Luis Fernando Lopes, Rita de C\u00e1ssia Turmann e Rodrigo Ot\u00e1vio dos Santos.<\/p>\n","protected":false},"excerpt":{"rendered":"<p>O Atualidades da Educa\u00e7\u00e3o continua a conversa sobre o uso de computadores e smartphones por&#8230;<\/p>\n","protected":false},"author":3,"featured_media":33674,"comment_status":"open","ping_status":"open","sticky":false,"template":"","format":"standard","meta":[],"categories":[2760],"tags":[],"_links":{"self":[{"href":"https:\/\/www.uninter.com\/radio\/wp-json\/wp\/v2\/posts\/35681"}],"collection":[{"href":"https:\/\/www.uninter.com\/radio\/wp-json\/wp\/v2\/posts"}],"about":[{"href":"https:\/\/www.uninter.com\/radio\/wp-json\/wp\/v2\/types\/post"}],"author":[{"embeddable":true,"href":"https:\/\/www.uninter.com\/radio\/wp-json\/wp\/v2\/users\/3"}],"replies":[{"embeddable":true,"href":"https:\/\/www.uninter.com\/radio\/wp-json\/wp\/v2\/comments?post=35681"}],"version-history":[{"count":1,"href":"https:\/\/www.uninter.com\/radio\/wp-json\/wp\/v2\/posts\/35681\/revisions"}],"predecessor-version":[{"id":35683,"href":"https:\/\/www.uninter.com\/radio\/wp-json\/wp\/v2\/posts\/35681\/revisions\/35683"}],"wp:featuredmedia":[{"embeddable":true,"href":"https:\/\/www.uninter.com\/radio\/wp-json\/wp\/v2\/media\/33674"}],"wp:attachment":[{"href":"https:\/\/www.uninter.com\/radio\/wp-json\/wp\/v2\/media?parent=35681"}],"wp:term":[{"taxonomy":"category","embeddable":true,"href":"https:\/\/www.uninter.com\/radio\/wp-json\/wp\/v2\/categories?post=35681"},{"taxonomy":"post_tag","embeddable":true,"href":"https:\/\/www.uninter.com\/radio\/wp-json\/wp\/v2\/tags?post=35681"}],"curies":[{"name":"wp","href":"https:\/\/api.w.org\/{rel}","templated":true}]}}