{"id":35675,"date":"2023-08-16T11:04:09","date_gmt":"2023-08-16T14:04:09","guid":{"rendered":"https:\/\/www.uninter.com\/radio\/?p=35675"},"modified":"2023-08-16T11:04:09","modified_gmt":"2023-08-16T14:04:09","slug":"papo-castico-herivelto-oliveira-do-jornalismo-para-a-politica","status":"publish","type":"post","link":"https:\/\/www.uninter.com\/radio\/papo-castico-herivelto-oliveira-do-jornalismo-para-a-politica","title":{"rendered":"Papo Casti\u00e7o | Herivelto Oliveira: do jornalismo para a pol\u00edtica"},"content":{"rendered":"\n<figure class=\"wp-block-audio\"><audio controls src=\"https:\/\/www.uninter.com\/radio\/wp-content\/uploads\/2023\/08\/papo-castico-02-08-2023.mp3\"><\/audio><\/figure>\n\n\n\n<p>Seja na hora do almo\u00e7o, ou no in\u00edcio da noite, os telejornais t\u00eam audi\u00eancia fiel e dedicada h\u00e1 muitas d\u00e9cadas. Grande parte dos paranaenses realizavam suas refei\u00e7\u00f5es atentos ao Jornal Estadual, que em 1999, passou a se chamar Paran\u00e1 TV, e que teve por mais de 10 anos \u00e0 frente da bancada de apresenta\u00e7\u00e3o, Herivelto Oliveira. Nesta semana no Papo Casti\u00e7o voc\u00ea acompanha um pouco da trajet\u00f3ria do jornalista e vereador de Curitiba Herivelto, com suas melhores hist\u00f3rias.<\/p>\n","protected":false},"excerpt":{"rendered":"<p>Seja na hora do almo\u00e7o, ou no in\u00edcio da noite, os telejornais t\u00eam audi\u00eancia fiel&#8230;<\/p>\n","protected":false},"author":3,"featured_media":34252,"comment_status":"open","ping_status":"open","sticky":false,"template":"","format":"standard","meta":[],"categories":[2841],"tags":[],"_links":{"self":[{"href":"https:\/\/www.uninter.com\/radio\/wp-json\/wp\/v2\/posts\/35675"}],"collection":[{"href":"https:\/\/www.uninter.com\/radio\/wp-json\/wp\/v2\/posts"}],"about":[{"href":"https:\/\/www.uninter.com\/radio\/wp-json\/wp\/v2\/types\/post"}],"author":[{"embeddable":true,"href":"https:\/\/www.uninter.com\/radio\/wp-json\/wp\/v2\/users\/3"}],"replies":[{"embeddable":true,"href":"https:\/\/www.uninter.com\/radio\/wp-json\/wp\/v2\/comments?post=35675"}],"version-history":[{"count":1,"href":"https:\/\/www.uninter.com\/radio\/wp-json\/wp\/v2\/posts\/35675\/revisions"}],"predecessor-version":[{"id":35677,"href":"https:\/\/www.uninter.com\/radio\/wp-json\/wp\/v2\/posts\/35675\/revisions\/35677"}],"wp:featuredmedia":[{"embeddable":true,"href":"https:\/\/www.uninter.com\/radio\/wp-json\/wp\/v2\/media\/34252"}],"wp:attachment":[{"href":"https:\/\/www.uninter.com\/radio\/wp-json\/wp\/v2\/media?parent=35675"}],"wp:term":[{"taxonomy":"category","embeddable":true,"href":"https:\/\/www.uninter.com\/radio\/wp-json\/wp\/v2\/categories?post=35675"},{"taxonomy":"post_tag","embeddable":true,"href":"https:\/\/www.uninter.com\/radio\/wp-json\/wp\/v2\/tags?post=35675"}],"curies":[{"name":"wp","href":"https:\/\/api.w.org\/{rel}","templated":true}]}}