{"id":35651,"date":"2023-08-16T10:45:43","date_gmt":"2023-08-16T13:45:43","guid":{"rendered":"https:\/\/www.uninter.com\/radio\/?p=35651"},"modified":"2023-08-16T10:48:02","modified_gmt":"2023-08-16T13:48:02","slug":"gestao-publica-em-debate-debatendo-gestao-e-administracao-publica","status":"publish","type":"post","link":"https:\/\/www.uninter.com\/radio\/gestao-publica-em-debate-debatendo-gestao-e-administracao-publica","title":{"rendered":"Gest\u00e3o P\u00fablica em Debate | Debatendo gest\u00e3o e administra\u00e7\u00e3o p\u00fablica"},"content":{"rendered":"\n<figure class=\"wp-block-audio\"><audio controls src=\"https:\/\/www.uninter.com\/radio\/wp-content\/uploads\/2023\/08\/gestao-publica-26-07-2023-1.mp3\"><\/audio><\/figure>\n\n\n\n<p><strong>E tem estreia na R\u00e1dio Uninter! O Gest\u00e3o P\u00fablica em Debate \u00e9 o programa para gestores, estudantes e qualquer cidad\u00e3o interessado em administra\u00e7\u00e3o de empresas e institui\u00e7\u00f5es p\u00fablicas e governamentais. Para o primeiro epis\u00f3dio, Manon Garcia e Ricieri Garbelini recebem os professores Nelson Castanheira (pr\u00f3-reitor de p\u00f3s-gradua\u00e7\u00e3o, pesquisa e extens\u00e3o), Jorge Bernardi (vice-reitor e doutor em Gest\u00e3o Urbana) e D\u00e9bora Veneral (diretora da Escola de Gest\u00e3o P\u00fablica, Pol\u00edtica, Jur\u00eddica e Seguran\u00e7a) para a conversa.<\/strong><\/p>\n","protected":false},"excerpt":{"rendered":"<p>E tem estreia na R\u00e1dio Uninter! O Gest\u00e3o P\u00fablica em Debate \u00e9 o programa para&#8230;<\/p>\n","protected":false},"author":3,"featured_media":35653,"comment_status":"open","ping_status":"open","sticky":false,"template":"","format":"standard","meta":[],"categories":[8],"tags":[],"_links":{"self":[{"href":"https:\/\/www.uninter.com\/radio\/wp-json\/wp\/v2\/posts\/35651"}],"collection":[{"href":"https:\/\/www.uninter.com\/radio\/wp-json\/wp\/v2\/posts"}],"about":[{"href":"https:\/\/www.uninter.com\/radio\/wp-json\/wp\/v2\/types\/post"}],"author":[{"embeddable":true,"href":"https:\/\/www.uninter.com\/radio\/wp-json\/wp\/v2\/users\/3"}],"replies":[{"embeddable":true,"href":"https:\/\/www.uninter.com\/radio\/wp-json\/wp\/v2\/comments?post=35651"}],"version-history":[{"count":1,"href":"https:\/\/www.uninter.com\/radio\/wp-json\/wp\/v2\/posts\/35651\/revisions"}],"predecessor-version":[{"id":35654,"href":"https:\/\/www.uninter.com\/radio\/wp-json\/wp\/v2\/posts\/35651\/revisions\/35654"}],"wp:featuredmedia":[{"embeddable":true,"href":"https:\/\/www.uninter.com\/radio\/wp-json\/wp\/v2\/media\/35653"}],"wp:attachment":[{"href":"https:\/\/www.uninter.com\/radio\/wp-json\/wp\/v2\/media?parent=35651"}],"wp:term":[{"taxonomy":"category","embeddable":true,"href":"https:\/\/www.uninter.com\/radio\/wp-json\/wp\/v2\/categories?post=35651"},{"taxonomy":"post_tag","embeddable":true,"href":"https:\/\/www.uninter.com\/radio\/wp-json\/wp\/v2\/tags?post=35651"}],"curies":[{"name":"wp","href":"https:\/\/api.w.org\/{rel}","templated":true}]}}