{"id":35648,"date":"2023-08-16T10:42:58","date_gmt":"2023-08-16T13:42:58","guid":{"rendered":"https:\/\/www.uninter.com\/radio\/?p=35648"},"modified":"2023-08-16T10:42:58","modified_gmt":"2023-08-16T13:42:58","slug":"cafe-e-conhecimento-direito-dos-idosos%ef%bf%bc","status":"publish","type":"post","link":"https:\/\/www.uninter.com\/radio\/cafe-e-conhecimento-direito-dos-idosos%ef%bf%bc","title":{"rendered":"Caf\u00e9 e Conhecimento | Direito dos idosos\ufffc"},"content":{"rendered":"\n<figure class=\"wp-block-audio\"><audio controls src=\"https:\/\/www.uninter.com\/radio\/wp-content\/uploads\/2023\/08\/cafe-26-07-2023-1.mp3\"><\/audio><\/figure>\n\n\n\n<p><strong>Neste Dia dos Av\u00f3s, o Caf\u00e9 e Conhecimento aborda o direito que os idosos t\u00eam diante da Lei. A professora Daniele Farinhas recebe a mestre em Direito e advogada especialista em direito previdenci\u00e1rio Karla Kariny Knihs.<\/strong><\/p>\n","protected":false},"excerpt":{"rendered":"<p>Neste Dia dos Av\u00f3s, o Caf\u00e9 e Conhecimento aborda o direito que os idosos t\u00eam&#8230;<\/p>\n","protected":false},"author":3,"featured_media":33850,"comment_status":"open","ping_status":"open","sticky":false,"template":"","format":"standard","meta":[],"categories":[2839],"tags":[],"_links":{"self":[{"href":"https:\/\/www.uninter.com\/radio\/wp-json\/wp\/v2\/posts\/35648"}],"collection":[{"href":"https:\/\/www.uninter.com\/radio\/wp-json\/wp\/v2\/posts"}],"about":[{"href":"https:\/\/www.uninter.com\/radio\/wp-json\/wp\/v2\/types\/post"}],"author":[{"embeddable":true,"href":"https:\/\/www.uninter.com\/radio\/wp-json\/wp\/v2\/users\/3"}],"replies":[{"embeddable":true,"href":"https:\/\/www.uninter.com\/radio\/wp-json\/wp\/v2\/comments?post=35648"}],"version-history":[{"count":1,"href":"https:\/\/www.uninter.com\/radio\/wp-json\/wp\/v2\/posts\/35648\/revisions"}],"predecessor-version":[{"id":35650,"href":"https:\/\/www.uninter.com\/radio\/wp-json\/wp\/v2\/posts\/35648\/revisions\/35650"}],"wp:featuredmedia":[{"embeddable":true,"href":"https:\/\/www.uninter.com\/radio\/wp-json\/wp\/v2\/media\/33850"}],"wp:attachment":[{"href":"https:\/\/www.uninter.com\/radio\/wp-json\/wp\/v2\/media?parent=35648"}],"wp:term":[{"taxonomy":"category","embeddable":true,"href":"https:\/\/www.uninter.com\/radio\/wp-json\/wp\/v2\/categories?post=35648"},{"taxonomy":"post_tag","embeddable":true,"href":"https:\/\/www.uninter.com\/radio\/wp-json\/wp\/v2\/tags?post=35648"}],"curies":[{"name":"wp","href":"https:\/\/api.w.org\/{rel}","templated":true}]}}