{"id":35636,"date":"2023-08-16T10:37:20","date_gmt":"2023-08-16T13:37:20","guid":{"rendered":"https:\/\/www.uninter.com\/radio\/?p=35636"},"modified":"2023-08-16T10:37:21","modified_gmt":"2023-08-16T13:37:21","slug":"talento-em-foco-o-futuro-do-trabalho%ef%bf%bc","status":"publish","type":"post","link":"https:\/\/www.uninter.com\/radio\/talento-em-foco-o-futuro-do-trabalho%ef%bf%bc","title":{"rendered":"Talento em Foco | O futuro do trabalho\ufffc"},"content":{"rendered":"\n<figure class=\"wp-block-audio\"><audio controls src=\"https:\/\/www.uninter.com\/radio\/wp-content\/uploads\/2023\/08\/talento-em-foco-24-07-2023-1.mp3\"><\/audio><\/figure>\n\n\n\n<p>Talento em Fo<\/p>\n\n\n\n<p><strong>Descubra o futuro do trabalho e prepare-se para as mudan\u00e7as que est\u00e3o por vir! Nesta edi\u00e7\u00e3o, exploramos as transforma\u00e7\u00f5es tecnol\u00f3gicas, econ\u00f4micas e sociais que moldar\u00e3o o mundo profissional. Erika Lotz e Barbara Carvalho recebem o economista Claudio Skora para o bate-papo.<\/strong><\/p>\n","protected":false},"excerpt":{"rendered":"<p>Talento em Fo Descubra o futuro do trabalho e prepare-se para as mudan\u00e7as que est\u00e3o&#8230;<\/p>\n","protected":false},"author":3,"featured_media":31128,"comment_status":"open","ping_status":"open","sticky":false,"template":"","format":"standard","meta":[],"categories":[2723],"tags":[],"_links":{"self":[{"href":"https:\/\/www.uninter.com\/radio\/wp-json\/wp\/v2\/posts\/35636"}],"collection":[{"href":"https:\/\/www.uninter.com\/radio\/wp-json\/wp\/v2\/posts"}],"about":[{"href":"https:\/\/www.uninter.com\/radio\/wp-json\/wp\/v2\/types\/post"}],"author":[{"embeddable":true,"href":"https:\/\/www.uninter.com\/radio\/wp-json\/wp\/v2\/users\/3"}],"replies":[{"embeddable":true,"href":"https:\/\/www.uninter.com\/radio\/wp-json\/wp\/v2\/comments?post=35636"}],"version-history":[{"count":1,"href":"https:\/\/www.uninter.com\/radio\/wp-json\/wp\/v2\/posts\/35636\/revisions"}],"predecessor-version":[{"id":35638,"href":"https:\/\/www.uninter.com\/radio\/wp-json\/wp\/v2\/posts\/35636\/revisions\/35638"}],"wp:featuredmedia":[{"embeddable":true,"href":"https:\/\/www.uninter.com\/radio\/wp-json\/wp\/v2\/media\/31128"}],"wp:attachment":[{"href":"https:\/\/www.uninter.com\/radio\/wp-json\/wp\/v2\/media?parent=35636"}],"wp:term":[{"taxonomy":"category","embeddable":true,"href":"https:\/\/www.uninter.com\/radio\/wp-json\/wp\/v2\/categories?post=35636"},{"taxonomy":"post_tag","embeddable":true,"href":"https:\/\/www.uninter.com\/radio\/wp-json\/wp\/v2\/tags?post=35636"}],"curies":[{"name":"wp","href":"https:\/\/api.w.org\/{rel}","templated":true}]}}