{"id":35628,"date":"2023-08-10T16:25:40","date_gmt":"2023-08-10T19:25:40","guid":{"rendered":"https:\/\/www.uninter.com\/radio\/?p=35628"},"modified":"2023-08-10T16:25:41","modified_gmt":"2023-08-10T19:25:41","slug":"inclusao-em-rede-aprendizagem-da-escrita-da-lingua-de-sinais-parte-2","status":"publish","type":"post","link":"https:\/\/www.uninter.com\/radio\/inclusao-em-rede-aprendizagem-da-escrita-da-lingua-de-sinais-parte-2","title":{"rendered":"Inclus\u00e3o em Rede | Aprendizagem da escrita da l\u00edngua de sinais &#8211; Parte 2"},"content":{"rendered":"\n<figure class=\"wp-block-audio\"><audio controls src=\"blob:https:\/\/www.uninter.com\/dee538c5-c175-419f-b410-6470864fcc7b\"><\/audio><\/figure>\n\n\n\n<p>A escrita da l\u00edngua de sinais \u00e9 uma forma de representar visualmente os sinais usados na comunica\u00e7\u00e3o dos usu\u00e1rios da l\u00edngua de sinais. O Inclus\u00e3o em Rede continua o bate-papo sobre a aprendizagem da l\u00edngua de sinais, e para isso, a professora Leomar Marchesini recebe a mestra em Estudos de Linguagens \u00c1urea de Santana Bueno, e o doutor em Estudos de Linguagens Claudio Benassi.<\/p>\n","protected":false},"excerpt":{"rendered":"<p>A escrita da l\u00edngua de sinais \u00e9 uma forma de representar visualmente os sinais usados&#8230;<\/p>\n","protected":false},"author":3,"featured_media":33698,"comment_status":"open","ping_status":"open","sticky":false,"template":"","format":"standard","meta":[],"categories":[2727],"tags":[],"_links":{"self":[{"href":"https:\/\/www.uninter.com\/radio\/wp-json\/wp\/v2\/posts\/35628"}],"collection":[{"href":"https:\/\/www.uninter.com\/radio\/wp-json\/wp\/v2\/posts"}],"about":[{"href":"https:\/\/www.uninter.com\/radio\/wp-json\/wp\/v2\/types\/post"}],"author":[{"embeddable":true,"href":"https:\/\/www.uninter.com\/radio\/wp-json\/wp\/v2\/users\/3"}],"replies":[{"embeddable":true,"href":"https:\/\/www.uninter.com\/radio\/wp-json\/wp\/v2\/comments?post=35628"}],"version-history":[{"count":2,"href":"https:\/\/www.uninter.com\/radio\/wp-json\/wp\/v2\/posts\/35628\/revisions"}],"predecessor-version":[{"id":35631,"href":"https:\/\/www.uninter.com\/radio\/wp-json\/wp\/v2\/posts\/35628\/revisions\/35631"}],"wp:featuredmedia":[{"embeddable":true,"href":"https:\/\/www.uninter.com\/radio\/wp-json\/wp\/v2\/media\/33698"}],"wp:attachment":[{"href":"https:\/\/www.uninter.com\/radio\/wp-json\/wp\/v2\/media?parent=35628"}],"wp:term":[{"taxonomy":"category","embeddable":true,"href":"https:\/\/www.uninter.com\/radio\/wp-json\/wp\/v2\/categories?post=35628"},{"taxonomy":"post_tag","embeddable":true,"href":"https:\/\/www.uninter.com\/radio\/wp-json\/wp\/v2\/tags?post=35628"}],"curies":[{"name":"wp","href":"https:\/\/api.w.org\/{rel}","templated":true}]}}