{"id":35613,"date":"2023-07-24T13:56:26","date_gmt":"2023-07-24T16:56:26","guid":{"rendered":"https:\/\/www.uninter.com\/radio\/?p=35613"},"modified":"2023-07-24T13:56:27","modified_gmt":"2023-07-24T16:56:27","slug":"inclusao-em-rede-aprendizagem-da-escrita-da-lingua-de-sinais","status":"publish","type":"post","link":"https:\/\/www.uninter.com\/radio\/inclusao-em-rede-aprendizagem-da-escrita-da-lingua-de-sinais","title":{"rendered":"Inclus\u00e3o em Rede | Aprendizagem da escrita da l\u00edngua de sinais"},"content":{"rendered":"\n<figure class=\"wp-block-audio\"><audio controls src=\"blob:https:\/\/www.uninter.com\/d8c02135-60e2-4430-bc55-ef89dd8d1c3d\"><\/audio><\/figure>\n\n\n\n<p>A aprendizagem da escrita da l\u00edngua de sinais \u00e9 uma \u00e1rea em constante desenvolvimento. A escrita da l\u00edngua de sinais \u00e9 uma forma de representar visualmente os sinais usados na comunica\u00e7\u00e3o dos usu\u00e1rios da l\u00edngua de sinais. A professora Leomar Marchesini recebe a mestra em Estudos de Linguagens \u00c1urea de Santana Bueno para a conversa.<\/p>\n","protected":false},"excerpt":{"rendered":"<p>A aprendizagem da escrita da l\u00edngua de sinais \u00e9 uma \u00e1rea em constante desenvolvimento. A&#8230;<\/p>\n","protected":false},"author":3,"featured_media":33698,"comment_status":"open","ping_status":"open","sticky":false,"template":"","format":"standard","meta":[],"categories":[2727],"tags":[],"_links":{"self":[{"href":"https:\/\/www.uninter.com\/radio\/wp-json\/wp\/v2\/posts\/35613"}],"collection":[{"href":"https:\/\/www.uninter.com\/radio\/wp-json\/wp\/v2\/posts"}],"about":[{"href":"https:\/\/www.uninter.com\/radio\/wp-json\/wp\/v2\/types\/post"}],"author":[{"embeddable":true,"href":"https:\/\/www.uninter.com\/radio\/wp-json\/wp\/v2\/users\/3"}],"replies":[{"embeddable":true,"href":"https:\/\/www.uninter.com\/radio\/wp-json\/wp\/v2\/comments?post=35613"}],"version-history":[{"count":1,"href":"https:\/\/www.uninter.com\/radio\/wp-json\/wp\/v2\/posts\/35613\/revisions"}],"predecessor-version":[{"id":35614,"href":"https:\/\/www.uninter.com\/radio\/wp-json\/wp\/v2\/posts\/35613\/revisions\/35614"}],"wp:featuredmedia":[{"embeddable":true,"href":"https:\/\/www.uninter.com\/radio\/wp-json\/wp\/v2\/media\/33698"}],"wp:attachment":[{"href":"https:\/\/www.uninter.com\/radio\/wp-json\/wp\/v2\/media?parent=35613"}],"wp:term":[{"taxonomy":"category","embeddable":true,"href":"https:\/\/www.uninter.com\/radio\/wp-json\/wp\/v2\/categories?post=35613"},{"taxonomy":"post_tag","embeddable":true,"href":"https:\/\/www.uninter.com\/radio\/wp-json\/wp\/v2\/tags?post=35613"}],"curies":[{"name":"wp","href":"https:\/\/api.w.org\/{rel}","templated":true}]}}