{"id":35607,"date":"2023-07-24T13:50:54","date_gmt":"2023-07-24T16:50:54","guid":{"rendered":"https:\/\/www.uninter.com\/radio\/?p=35607"},"modified":"2023-07-24T13:50:55","modified_gmt":"2023-07-24T16:50:55","slug":"conversa-com-o-reitor-cooperacao-uninter-e-university-of-missouri-amplia-ensino-de-ingles","status":"publish","type":"post","link":"https:\/\/www.uninter.com\/radio\/conversa-com-o-reitor-cooperacao-uninter-e-university-of-missouri-amplia-ensino-de-ingles","title":{"rendered":"Conversa com o Reitor | Coopera\u00e7\u00e3o Uninter e University of Missouri amplia ensino de ingl\u00eas"},"content":{"rendered":"\n<figure class=\"wp-block-audio\"><audio controls src=\"https:\/\/www.uninter.com\/radio\/wp-content\/uploads\/2023\/07\/conversa-com-o-reitor-21-07-2023.mp3\"><\/audio><\/figure>\n\n\n\n<p>O Conversa com o Reitor apresenta a iniciativa de coopera\u00e7\u00e3o entre a Uninter e a Universidade do Missouri &#8211; Kansas City (UMKC) para a produ\u00e7\u00e3o de aulas de ingl\u00eas. Benhur Gaio recebe o diretor da Escola de L\u00ednguas da Uninter, Jeferson Ferro, e o vice-presidente do Global Hub, Jason Dyett, para a conversa.<\/p>\n","protected":false},"excerpt":{"rendered":"<p>O Conversa com o Reitor apresenta a iniciativa de coopera\u00e7\u00e3o entre a Uninter e a&#8230;<\/p>\n","protected":false},"author":3,"featured_media":31088,"comment_status":"open","ping_status":"open","sticky":false,"template":"","format":"standard","meta":[],"categories":[2724],"tags":[],"_links":{"self":[{"href":"https:\/\/www.uninter.com\/radio\/wp-json\/wp\/v2\/posts\/35607"}],"collection":[{"href":"https:\/\/www.uninter.com\/radio\/wp-json\/wp\/v2\/posts"}],"about":[{"href":"https:\/\/www.uninter.com\/radio\/wp-json\/wp\/v2\/types\/post"}],"author":[{"embeddable":true,"href":"https:\/\/www.uninter.com\/radio\/wp-json\/wp\/v2\/users\/3"}],"replies":[{"embeddable":true,"href":"https:\/\/www.uninter.com\/radio\/wp-json\/wp\/v2\/comments?post=35607"}],"version-history":[{"count":1,"href":"https:\/\/www.uninter.com\/radio\/wp-json\/wp\/v2\/posts\/35607\/revisions"}],"predecessor-version":[{"id":35609,"href":"https:\/\/www.uninter.com\/radio\/wp-json\/wp\/v2\/posts\/35607\/revisions\/35609"}],"wp:featuredmedia":[{"embeddable":true,"href":"https:\/\/www.uninter.com\/radio\/wp-json\/wp\/v2\/media\/31088"}],"wp:attachment":[{"href":"https:\/\/www.uninter.com\/radio\/wp-json\/wp\/v2\/media?parent=35607"}],"wp:term":[{"taxonomy":"category","embeddable":true,"href":"https:\/\/www.uninter.com\/radio\/wp-json\/wp\/v2\/categories?post=35607"},{"taxonomy":"post_tag","embeddable":true,"href":"https:\/\/www.uninter.com\/radio\/wp-json\/wp\/v2\/tags?post=35607"}],"curies":[{"name":"wp","href":"https:\/\/api.w.org\/{rel}","templated":true}]}}