{"id":35601,"date":"2023-07-24T13:45:37","date_gmt":"2023-07-24T16:45:37","guid":{"rendered":"https:\/\/www.uninter.com\/radio\/?p=35601"},"modified":"2023-07-24T13:45:38","modified_gmt":"2023-07-24T16:45:38","slug":"chave-interdisciplinar-entre-a-fe-e-a-razao","status":"publish","type":"post","link":"https:\/\/www.uninter.com\/radio\/chave-interdisciplinar-entre-a-fe-e-a-razao","title":{"rendered":"Chave Interdisciplinar | Entre a f\u00e9 e a raz\u00e3o"},"content":{"rendered":"\n<figure class=\"wp-block-audio\"><audio controls src=\"https:\/\/www.uninter.com\/radio\/wp-content\/uploads\/2023\/07\/chave-20-07-2023.mp3\"><\/audio><\/figure>\n\n\n\n<p>A f\u00e9, apesar de estar inclusa no cotidiano e ser inerente ao homem, ainda \u00e9 tema de discuss\u00e3o, principalmente quando relacionada \u00e0 raz\u00e3o. Nesta edi\u00e7\u00e3o do programa Chave Interdisciplinar vamos refletir como a f\u00e9, aliada \u00e0 raz\u00e3o, pode ser um complemento na constru\u00e7\u00e3o de um sentido para a vida.<\/p>\n","protected":false},"excerpt":{"rendered":"<p>A f\u00e9, apesar de estar inclusa no cotidiano e ser inerente ao homem, ainda \u00e9&#8230;<\/p>\n","protected":false},"author":3,"featured_media":33668,"comment_status":"open","ping_status":"open","sticky":false,"template":"","format":"standard","meta":[],"categories":[2735],"tags":[],"_links":{"self":[{"href":"https:\/\/www.uninter.com\/radio\/wp-json\/wp\/v2\/posts\/35601"}],"collection":[{"href":"https:\/\/www.uninter.com\/radio\/wp-json\/wp\/v2\/posts"}],"about":[{"href":"https:\/\/www.uninter.com\/radio\/wp-json\/wp\/v2\/types\/post"}],"author":[{"embeddable":true,"href":"https:\/\/www.uninter.com\/radio\/wp-json\/wp\/v2\/users\/3"}],"replies":[{"embeddable":true,"href":"https:\/\/www.uninter.com\/radio\/wp-json\/wp\/v2\/comments?post=35601"}],"version-history":[{"count":1,"href":"https:\/\/www.uninter.com\/radio\/wp-json\/wp\/v2\/posts\/35601\/revisions"}],"predecessor-version":[{"id":35603,"href":"https:\/\/www.uninter.com\/radio\/wp-json\/wp\/v2\/posts\/35601\/revisions\/35603"}],"wp:featuredmedia":[{"embeddable":true,"href":"https:\/\/www.uninter.com\/radio\/wp-json\/wp\/v2\/media\/33668"}],"wp:attachment":[{"href":"https:\/\/www.uninter.com\/radio\/wp-json\/wp\/v2\/media?parent=35601"}],"wp:term":[{"taxonomy":"category","embeddable":true,"href":"https:\/\/www.uninter.com\/radio\/wp-json\/wp\/v2\/categories?post=35601"},{"taxonomy":"post_tag","embeddable":true,"href":"https:\/\/www.uninter.com\/radio\/wp-json\/wp\/v2\/tags?post=35601"}],"curies":[{"name":"wp","href":"https:\/\/api.w.org\/{rel}","templated":true}]}}