{"id":35598,"date":"2023-07-24T13:43:07","date_gmt":"2023-07-24T16:43:07","guid":{"rendered":"https:\/\/www.uninter.com\/radio\/?p=35598"},"modified":"2023-07-24T13:43:08","modified_gmt":"2023-07-24T16:43:08","slug":"atualidades-da-educacao-o-uso-das-telas-por-criancas","status":"publish","type":"post","link":"https:\/\/www.uninter.com\/radio\/atualidades-da-educacao-o-uso-das-telas-por-criancas","title":{"rendered":"Atualidades da Educa\u00e7\u00e3o | O uso das telas por crian\u00e7as"},"content":{"rendered":"\n<figure class=\"wp-block-audio\"><audio controls src=\"https:\/\/www.uninter.com\/radio\/wp-content\/uploads\/2023\/07\/atualidades-da-educacao-19-07-2023.mp3\"><\/audio><\/figure>\n\n\n\n<p>Embora a tecnologia ofere\u00e7a in\u00fameras oportunidades educacionais e de entretenimento, \u00e9 fundamental estabelecer limites e garantir um equil\u00edbrio saud\u00e1vel. O excesso de tempo diante das telas pode levar a consequ\u00eancias negativas, como problemas de sa\u00fade f\u00edsica e mental, falta de sono adequado, isolamento social e diminui\u00e7\u00e3o do tempo dedicado a atividades f\u00edsicas, brincadeiras e intera\u00e7\u00f5es pessoais. \u00c9 justamente este debate promovido entre os professores Alvino Moser, Rita de C\u00e1ssia Turmann e Luis Fernando Lopes no Atualidades da Educa\u00e7\u00e3o.<\/p>\n","protected":false},"excerpt":{"rendered":"<p>Embora a tecnologia ofere\u00e7a in\u00fameras oportunidades educacionais e de entretenimento, \u00e9 fundamental estabelecer limites e&#8230;<\/p>\n","protected":false},"author":3,"featured_media":33674,"comment_status":"open","ping_status":"open","sticky":false,"template":"","format":"standard","meta":[],"categories":[2760],"tags":[],"_links":{"self":[{"href":"https:\/\/www.uninter.com\/radio\/wp-json\/wp\/v2\/posts\/35598"}],"collection":[{"href":"https:\/\/www.uninter.com\/radio\/wp-json\/wp\/v2\/posts"}],"about":[{"href":"https:\/\/www.uninter.com\/radio\/wp-json\/wp\/v2\/types\/post"}],"author":[{"embeddable":true,"href":"https:\/\/www.uninter.com\/radio\/wp-json\/wp\/v2\/users\/3"}],"replies":[{"embeddable":true,"href":"https:\/\/www.uninter.com\/radio\/wp-json\/wp\/v2\/comments?post=35598"}],"version-history":[{"count":1,"href":"https:\/\/www.uninter.com\/radio\/wp-json\/wp\/v2\/posts\/35598\/revisions"}],"predecessor-version":[{"id":35600,"href":"https:\/\/www.uninter.com\/radio\/wp-json\/wp\/v2\/posts\/35598\/revisions\/35600"}],"wp:featuredmedia":[{"embeddable":true,"href":"https:\/\/www.uninter.com\/radio\/wp-json\/wp\/v2\/media\/33674"}],"wp:attachment":[{"href":"https:\/\/www.uninter.com\/radio\/wp-json\/wp\/v2\/media?parent=35598"}],"wp:term":[{"taxonomy":"category","embeddable":true,"href":"https:\/\/www.uninter.com\/radio\/wp-json\/wp\/v2\/categories?post=35598"},{"taxonomy":"post_tag","embeddable":true,"href":"https:\/\/www.uninter.com\/radio\/wp-json\/wp\/v2\/tags?post=35598"}],"curies":[{"name":"wp","href":"https:\/\/api.w.org\/{rel}","templated":true}]}}