{"id":35592,"date":"2023-07-24T13:38:00","date_gmt":"2023-07-24T16:38:00","guid":{"rendered":"https:\/\/www.uninter.com\/radio\/?p=35592"},"modified":"2023-07-24T13:38:01","modified_gmt":"2023-07-24T16:38:01","slug":"papo-castico-mandata-preta-o-poder-de-muitos-na-camara","status":"publish","type":"post","link":"https:\/\/www.uninter.com\/radio\/papo-castico-mandata-preta-o-poder-de-muitos-na-camara","title":{"rendered":"Papo Casti\u00e7o | Mandata Preta: o poder de muitos na C\u00e2mara"},"content":{"rendered":"\n<figure class=\"wp-block-audio\"><audio controls src=\"https:\/\/www.uninter.com\/radio\/wp-content\/uploads\/2023\/07\/papo-castico-19-07-2023.mp3\"><\/audio><\/figure>\n\n\n\n<p>Neste epis\u00f3dio vamos conhecer a trajet\u00f3ria de Giorgia Prates, a segunda mulher negra eleita como vereadora da C\u00e2mara Municipal de Curitiba e a primeira a exercer esse of\u00edcio por meio de um mandato coletivo. A \u201cMandata Preta\u201d, formada somente de mulheres, em sua maioria negras, est\u00e1 com Giorgia \u00e0 frente da bancada de oposi\u00e7\u00e3o do plen\u00e1rio municipal, al\u00e9m da vereadora atuar como presidente da Comiss\u00e3o de Direitos Humanos, Defesa da Cidadania, Seguran\u00e7a P\u00fablica e Minorias e primeira procuradora-adjunta da Mulher. Giorgia tamb\u00e9m integra os colegiados de Economia, Finan\u00e7as e Fiscaliza\u00e7\u00e3o; Urbanismo, Obras P\u00fablicas e TI; Especial da Visibilidade Negra; e \u00e9 suplente no Conselho de \u00c9tica e Decoro Parlamentar.<\/p>\n","protected":false},"excerpt":{"rendered":"<p>Neste epis\u00f3dio vamos conhecer a trajet\u00f3ria de Giorgia Prates, a segunda mulher negra eleita como&#8230;<\/p>\n","protected":false},"author":3,"featured_media":34252,"comment_status":"open","ping_status":"open","sticky":false,"template":"","format":"standard","meta":[],"categories":[2841],"tags":[],"_links":{"self":[{"href":"https:\/\/www.uninter.com\/radio\/wp-json\/wp\/v2\/posts\/35592"}],"collection":[{"href":"https:\/\/www.uninter.com\/radio\/wp-json\/wp\/v2\/posts"}],"about":[{"href":"https:\/\/www.uninter.com\/radio\/wp-json\/wp\/v2\/types\/post"}],"author":[{"embeddable":true,"href":"https:\/\/www.uninter.com\/radio\/wp-json\/wp\/v2\/users\/3"}],"replies":[{"embeddable":true,"href":"https:\/\/www.uninter.com\/radio\/wp-json\/wp\/v2\/comments?post=35592"}],"version-history":[{"count":1,"href":"https:\/\/www.uninter.com\/radio\/wp-json\/wp\/v2\/posts\/35592\/revisions"}],"predecessor-version":[{"id":35594,"href":"https:\/\/www.uninter.com\/radio\/wp-json\/wp\/v2\/posts\/35592\/revisions\/35594"}],"wp:featuredmedia":[{"embeddable":true,"href":"https:\/\/www.uninter.com\/radio\/wp-json\/wp\/v2\/media\/34252"}],"wp:attachment":[{"href":"https:\/\/www.uninter.com\/radio\/wp-json\/wp\/v2\/media?parent=35592"}],"wp:term":[{"taxonomy":"category","embeddable":true,"href":"https:\/\/www.uninter.com\/radio\/wp-json\/wp\/v2\/categories?post=35592"},{"taxonomy":"post_tag","embeddable":true,"href":"https:\/\/www.uninter.com\/radio\/wp-json\/wp\/v2\/tags?post=35592"}],"curies":[{"name":"wp","href":"https:\/\/api.w.org\/{rel}","templated":true}]}}